{"id":529,"date":"2013-05-23T14:00:58","date_gmt":"2013-05-23T12:00:58","guid":{"rendered":"http:\/\/protocolo.umh.es\/?p=529"},"modified":"2013-05-28T14:16:06","modified_gmt":"2013-05-28T12:16:06","slug":"la-umh-y-la-asociacion-terciario-avanzado-comunidad-valenciana-ponen-en-marcha-la-nueva-catedra-de-crecimiento-empresarial","status":"publish","type":"post","link":"https:\/\/protocolo.umh.es\/en\/2013\/05\/23\/la-umh-y-la-asociacion-terciario-avanzado-comunidad-valenciana-ponen-en-marcha-la-nueva-catedra-de-crecimiento-empresarial\/","title":{"rendered":"The UMH and the Association of the Advanced Tertiary Sector Association  in the Valencian Community launch a new Chair in Business Growth."},"content":{"rendered":"<p><img loading=\"lazy\" class=\"alignleft\" title=\"1\" src=\"https:\/\/protocolo.umh.es\/files\/2013\/05\/11-300x200.jpg\" alt=\"\" width=\"306\" height=\"212\" \/>The Miguel Hern\u00e1ndez University of Elche\u00a0(UMH)\u00a0 and the Association the of Advanced Tertiary Sector\u00a0in the Valencian Community have launched a new Chair in <img loading=\"lazy\" class=\"alignright\" title=\"4\" src=\"https:\/\/protocolo.umh.es\/files\/2013\/05\/41-300x224.jpg\" alt=\"\" width=\"300\" height=\"216\" \/>Business Growth this morning. The Rector of the UMH,\u00a0 Jes\u00fas Pastor Ciurana, and the President of the Association, Jos\u00e9 Javier Garc\u00eda Zamora, have signed a collaborative agreement to launch this Chair.<\/p>\n<p>The Director of the Chair will be the UMH \u00a0professor of\u00a0 Agrienvironmental Economy, Cartographic Engineering\u00a0 and Graphic Expression in Engineering, Fernando Vidal Gim\u00e9nez. Meanwhile, the President of the Association of Advanced Tertiary Sector will be the codirector.<\/p>\n<p>This new Chair has the following objectives:\u00a0 training and research,\u00a0development and\u00a0dissemination in the areas of\u00a0 business development and entrepreneurship, through activities, seminars and conferences. In particular, the Chair\u00a0aims to help entrepreneurs from &#8220;La Nau de la Innovaci\u00f3&#8221; and members of &#8220;La Marat\u00f3 de Empreses UMH&#8221; to raise awareness about their projects needs. Moreover,\u00a0one or two projects will be tutored during a year so that their projects will enable them to start a\u00a0business.<\/p>","protected":false},"excerpt":{"rendered":"<p>The Miguel Hern\u00e1ndez University of Elche\u00a0(UMH)\u00a0 and the Association the of Advanced Tertiary Sector\u00a0in the Valencian Community have launched a new Chair in Business Growth this morning. The Rector of the UMH,\u00a0 Jes\u00fas Pastor Ciurana, and the President of the Association, Jos\u00e9 Javier Garc\u00eda Zamora, have signed a collaborative agreement to launch this Chair.<br \/>\nThe Director [&#8230;]<\/p>\n","protected":false},"author":309,"featured_media":0,"comment_status":"closed","ping_status":"open","sticky":false,"template":"","format":"standard","meta":{"ngg_post_thumbnail":0,"_links_to":"","_links_to_target":""},"categories":[228],"tags":[3762],"_links":{"self":[{"href":"https:\/\/protocolo.umh.es\/en\/wp-json\/wp\/v2\/posts\/529"}],"collection":[{"href":"https:\/\/protocolo.umh.es\/en\/wp-json\/wp\/v2\/posts"}],"about":[{"href":"https:\/\/protocolo.umh.es\/en\/wp-json\/wp\/v2\/types\/post"}],"author":[{"embeddable":true,"href":"https:\/\/protocolo.umh.es\/en\/wp-json\/wp\/v2\/users\/309"}],"replies":[{"embeddable":true,"href":"https:\/\/protocolo.umh.es\/en\/wp-json\/wp\/v2\/comments?post=529"}],"version-history":[{"count":0,"href":"https:\/\/protocolo.umh.es\/en\/wp-json\/wp\/v2\/posts\/529\/revisions"}],"wp:attachment":[{"href":"https:\/\/protocolo.umh.es\/en\/wp-json\/wp\/v2\/media?parent=529"}],"wp:term":[{"taxonomy":"category","embeddable":true,"href":"https:\/\/protocolo.umh.es\/en\/wp-json\/wp\/v2\/categories?post=529"},{"taxonomy":"post_tag","embeddable":true,"href":"https:\/\/protocolo.umh.es\/en\/wp-json\/wp\/v2\/tags?post=529"}],"curies":[{"name":"wp","href":"https:\/\/api.w.org\/{rel}","templated":true}]}}