{"id":496,"date":"2013-05-07T12:55:04","date_gmt":"2013-05-07T10:55:04","guid":{"rendered":"http:\/\/protocolo.umh.es\/2013\/05\/07\/la-umh-oferta-76-cursos-de-verano-en-17-municipios-de-la-provincia-de-alicante\/"},"modified":"2026-03-02T12:20:06","modified_gmt":"2026-03-02T11:20:06","slug":"la-umh-oferta-76-cursos-de-verano-en-17-municipios-de-la-provincia-de-alicante","status":"publish","type":"post","link":"https:\/\/protocolo.umh.es\/en\/2013\/05\/07\/la-umh-oferta-76-cursos-de-verano-en-17-municipios-de-la-provincia-de-alicante\/","title":{"rendered":"76 summer courses are offered by the UMH in 17 municipalities in the province of Alicante."},"content":{"rendered":"<p><strong><a href=\"https:\/\/protocolo.umh.es\/files\/2013\/05\/20130507_F-1.jpeg\"><img loading=\"lazy\" class=\"aligncenter size-medium wp-image-495\" title=\"20130507_F (1)\" src=\"https:\/\/protocolo.umh.es\/files\/2013\/05\/20130507_F-1-300x224.jpg\" alt=\"\" width=\"300\" height=\"224\" srcset=\"https:\/\/protocolo.umh.es\/files\/2013\/05\/20130507_F-1-300x224.jpg 300w, https:\/\/protocolo.umh.es\/files\/2013\/05\/20130507_F-1-1024x764.jpg 1024w, https:\/\/protocolo.umh.es\/files\/2013\/05\/20130507_F-1.jpeg 1296w\" sizes=\"(max-width: 300px) 100vw, 300px\" \/><\/a><\/strong><\/p>\n<p style=\"text-align: justify\">The Rector of the Miguel Hern\u00e1ndez University (UMH) of Elche, Jes\u00fas Pastor Ciurana, the Vice-Rector for Culture and University Extension, Esther Sitges Maci\u00e1, and the Director of the UMH Summer Courses, Enrique Conejero Paz, presented this morning the 14th edition of the 2013 Summer Courses, which will be held from June to September. This year, the UMH is offering a broad and varied program with 76 courses, structured across 17 venues in the province of Alicante.<\/p>\n<p style=\"text-align: justify\"><a href=\"https:\/\/protocolo.umh.es\/files\/2013\/05\/20130507_F-4.jpg\"><img loading=\"lazy\" class=\"size-medium wp-image-497 alignleft\" title=\"20130507_F (4)\" src=\"https:\/\/protocolo.umh.es\/files\/2013\/05\/20130507_F-4-300x224.jpg\" alt=\"\" width=\"300\" height=\"224\" srcset=\"https:\/\/protocolo.umh.es\/files\/2013\/05\/20130507_F-4-300x224.jpg 300w, https:\/\/protocolo.umh.es\/files\/2013\/05\/20130507_F-4.jpg 640w\" sizes=\"(max-width: 300px) 100vw, 300px\" \/><\/a><a href=\"https:\/\/protocolo.umh.es\/files\/2013\/05\/20130507_F-5.jpg\"><img loading=\"lazy\" class=\"alignright size-medium wp-image-498\" title=\"20130507_F (5)\" src=\"https:\/\/protocolo.umh.es\/files\/2013\/05\/20130507_F-5-300x224.jpg\" alt=\"\" width=\"300\" height=\"224\" srcset=\"https:\/\/protocolo.umh.es\/files\/2013\/05\/20130507_F-5-300x224.jpg 300w, https:\/\/protocolo.umh.es\/files\/2013\/05\/20130507_F-5.jpg 640w\" sizes=\"(max-width: 300px) 100vw, 300px\" \/><\/a><\/p>\n<address>\u00a0<\/address>\n<p style=\"text-align: justify\">The courses are structured as a forum for debate and a dynamic, participatory activity for the university community and society at large. They also address current issues such as education, sports, immigration, journalism, public and business management in times of crisis, and new information and communication technologies. This year, the courses dedicated to the Misteri d\u2019Elx and Miguel Hern\u00e1ndez continue, and the number of courses offered has increased by 7%. In addition, three new locations have been added: Alicante, Petrer, and Villajoyosa.<\/p>\n<p><\/p>","protected":false},"excerpt":{"rendered":"<p class=\"qtranxs-available-languages-message qtranxs-available-languages-message-en\">Sorry, this entry is only available in <a href=\"https:\/\/protocolo.umh.es\/es\/wp-json\/wp\/v2\/posts\/496\" class=\"qtranxs-available-language-link qtranxs-available-language-link-es\" title=\"Espa\u00f1ol\">European Spanish<\/a>.<\/p>\n","protected":false},"author":309,"featured_media":0,"comment_status":"closed","ping_status":"open","sticky":false,"template":"","format":"standard","meta":{"ngg_post_thumbnail":0,"_links_to":"","_links_to_target":""},"categories":[2898,3103,228],"tags":[3762],"_links":{"self":[{"href":"https:\/\/protocolo.umh.es\/en\/wp-json\/wp\/v2\/posts\/496"}],"collection":[{"href":"https:\/\/protocolo.umh.es\/en\/wp-json\/wp\/v2\/posts"}],"about":[{"href":"https:\/\/protocolo.umh.es\/en\/wp-json\/wp\/v2\/types\/post"}],"author":[{"embeddable":true,"href":"https:\/\/protocolo.umh.es\/en\/wp-json\/wp\/v2\/users\/309"}],"replies":[{"embeddable":true,"href":"https:\/\/protocolo.umh.es\/en\/wp-json\/wp\/v2\/comments?post=496"}],"version-history":[{"count":0,"href":"https:\/\/protocolo.umh.es\/en\/wp-json\/wp\/v2\/posts\/496\/revisions"}],"wp:attachment":[{"href":"https:\/\/protocolo.umh.es\/en\/wp-json\/wp\/v2\/media?parent=496"}],"wp:term":[{"taxonomy":"category","embeddable":true,"href":"https:\/\/protocolo.umh.es\/en\/wp-json\/wp\/v2\/categories?post=496"},{"taxonomy":"post_tag","embeddable":true,"href":"https:\/\/protocolo.umh.es\/en\/wp-json\/wp\/v2\/tags?post=496"}],"curies":[{"name":"wp","href":"https:\/\/api.w.org\/{rel}","templated":true}]}}