{"id":4607,"date":"2017-07-24T18:29:09","date_gmt":"2017-07-24T16:29:09","guid":{"rendered":"http:\/\/protocolo.umh.es\/?p=4607"},"modified":"2025-09-26T13:52:26","modified_gmt":"2025-09-26T11:52:26","slug":"acto-academico-de-clausura-del-curso-2016-2017-con-la-investidura-como-doctor-honoris-causa-del-excmo-sr-d-jose-maria-peiro-silla","status":"publish","type":"post","link":"https:\/\/protocolo.umh.es\/en\/2017\/07\/24\/acto-academico-de-clausura-del-curso-2016-2017-con-la-investidura-como-doctor-honoris-causa-del-excmo-sr-d-jose-maria-peiro-silla\/","title":{"rendered":"Closing Academic Ceremony of the 2016-2017 Academic Year with the investiture as Doctor Honoris Causa of His Excellency Mr. Jos\u00e9 Mar\u00eda Peir\u00f3 Silla"},"content":{"rendered":"<p>On July 4, the Miguel Hern\u00e1ndez University of Elche held the Closing Ceremony for the 2016\/2017 academic year. During the ceremony, held in the Rector&#8217;s Office and Board of Trustees building on the Elche campus, Jos\u00e9 Mar\u00eda Peir\u00f3 Silla, Professor of Social and Organizational Psychology at the University of Valencia, was awarded an Honorary Doctorate. The sponsor of the new Honorary Doctorate was Jes\u00fas Rodr\u00edguez Mar\u00edn, Professor Emeritus of Social Psychology and Honorary Rector of the UMH. The ceremony was presided over by the Rector, Jes\u00fas T. Pastor Ciurana; the President of the Valencian Parliament, Enric Morera; the President of the UMH Board of Trustees, Francisco Borja; the Vice-Rectors, Francisco Moreno and Fernando Vidal; and the Secretary General, Mercedes S\u00e1nchez.<\/p>\n<p>Likewise, at this event, the Extraordinary Graduation Awards were presented to 63 students, as well as those of the 14th Innova Emprende Competition, the 4th Edition of the EmpleoWeekend Program, the 5th Edition of the EmprendeWeekend Program, and the 6th Edition of the Mentoring Program.<\/p>\n<p>INVITATION:<\/p>\n<p><a href=\"https:\/\/protocolo.umh.es\/files\/2017\/07\/MODELO-INVITACI\u00d3N-CLAUSURA.jpg\"><img loading=\"lazy\" class=\"aligncenter wp-image-4549\" src=\"https:\/\/protocolo.umh.es\/files\/2017\/07\/MODELO-INVITACI\u00d3N-CLAUSURA-300x161.jpg\" alt=\"\" width=\"423\" height=\"227\" srcset=\"https:\/\/protocolo.umh.es\/files\/2017\/07\/MODELO-INVITACI\u00d3N-CLAUSURA-300x161.jpg 300w, https:\/\/protocolo.umh.es\/files\/2017\/07\/MODELO-INVITACI\u00d3N-CLAUSURA-768x413.jpg 768w, https:\/\/protocolo.umh.es\/files\/2017\/07\/MODELO-INVITACI\u00d3N-CLAUSURA-1024x550.jpg 1024w, https:\/\/protocolo.umh.es\/files\/2017\/07\/MODELO-INVITACI\u00d3N-CLAUSURA.jpg 2043w\" sizes=\"(max-width: 423px) 100vw, 423px\" \/><\/a><\/p>\n<p><a href=\"https:\/\/protocolo.umh.es\/files\/2017\/07\/CV-Jos\u00e9-Mar\u00eda-Peir\u00f3-Silla-english.pdf\">CV Jos\u00e9 Mar\u00eda Peir\u00f3 Silla &#8211; english<\/a><\/p>","protected":false},"excerpt":{"rendered":"<p>On July 4, the Miguel Hern\u00e1ndez University of Elche held the Closing Ceremony for the 2016\/2017 academic year. During the ceremony, held in the Rector&#8217;s Office and Board of Trustees building on the Elche campus, Jos\u00e9 Mar\u00eda Peir\u00f3 Silla, Professor of Social and Organizational Psychology at the University of Valencia, was awarded an Honorary Doctorate. [&#8230;]<\/p>\n","protected":false},"author":3575,"featured_media":0,"comment_status":"closed","ping_status":"open","sticky":false,"template":"","format":"standard","meta":{"ngg_post_thumbnail":0,"_links_to":"","_links_to_target":""},"categories":[46885,649,651],"tags":[],"_links":{"self":[{"href":"https:\/\/protocolo.umh.es\/en\/wp-json\/wp\/v2\/posts\/4607"}],"collection":[{"href":"https:\/\/protocolo.umh.es\/en\/wp-json\/wp\/v2\/posts"}],"about":[{"href":"https:\/\/protocolo.umh.es\/en\/wp-json\/wp\/v2\/types\/post"}],"author":[{"embeddable":true,"href":"https:\/\/protocolo.umh.es\/en\/wp-json\/wp\/v2\/users\/3575"}],"replies":[{"embeddable":true,"href":"https:\/\/protocolo.umh.es\/en\/wp-json\/wp\/v2\/comments?post=4607"}],"version-history":[{"count":0,"href":"https:\/\/protocolo.umh.es\/en\/wp-json\/wp\/v2\/posts\/4607\/revisions"}],"wp:attachment":[{"href":"https:\/\/protocolo.umh.es\/en\/wp-json\/wp\/v2\/media?parent=4607"}],"wp:term":[{"taxonomy":"category","embeddable":true,"href":"https:\/\/protocolo.umh.es\/en\/wp-json\/wp\/v2\/categories?post=4607"},{"taxonomy":"post_tag","embeddable":true,"href":"https:\/\/protocolo.umh.es\/en\/wp-json\/wp\/v2\/tags?post=4607"}],"curies":[{"name":"wp","href":"https:\/\/api.w.org\/{rel}","templated":true}]}}