{"id":3076,"date":"2016-05-31T15:29:53","date_gmt":"2016-05-31T13:29:53","guid":{"rendered":"http:\/\/protocolo.umh.es\/?p=3076"},"modified":"2026-02-27T12:57:41","modified_gmt":"2026-02-27T11:57:41","slug":"acto-conjunto-de-clausura-del-curso-academico-de-gestion-de-la-empresa-familiar-2015-2016-de-la-umh-y-la-ua","status":"publish","type":"post","link":"https:\/\/protocolo.umh.es\/en\/2016\/05\/31\/acto-conjunto-de-clausura-del-curso-academico-de-gestion-de-la-empresa-familiar-2015-2016-de-la-umh-y-la-ua\/","title":{"rendered":"Joint closing ceremony of the 2015-2016 academic year on Family Business Management of the UMH and the UA"},"content":{"rendered":"<p>The Rector of the Miguel Hern\u00e1ndez University (UMH) of Elche, Jes\u00fas T. Pastor Ciurana, presided today in the auditorium of the Rectorate and Social Council building over the closing ceremony of the Family Business Chairs courses offered jointly by the UMH and the University of Alicante (UA).<\/p>\n<p>Attendees included M\u00f3nica Mart\u00ed Sempere, Vice-Rector for Economic Planning at the UA; Francisco G\u00f3mez Andreu, President of the Alicante Family Business Association (AEFA); Francisco Borja Miralles, President of the UMH Social Council; Fernando Vidal Gim\u00e9nez, Vice-Rector for Economics and Business at the UMH; Fernando Olivares Delgado, Director of the UA Chair; Nunci Serrano Segarra, Director of the UMH Family Business Chair; and representatives of sponsors and participating businesspeople. The sponsors are the Alicante Family Business Association (AEFA), the Manuel Pel\u00e1ez Foundation, and Mercadona.<\/p>\n<p>During the ceremony, diplomas were awarded to the students who completed their studies in the Family Business Chairs courses in Elche and Alicante. Mar\u00eda Dolores Padilla Garre, a student in the Chair at the Miguel Hern\u00e1ndez University of Elche (UMH), also spoke on behalf of the students.<\/p>\n<p><a href=\"https:\/\/protocolo.umh.es\/files\/2016\/05\/IMG_6305-300x200.jpg\"><img loading=\"lazy\" class=\" size-medium wp-image-3085 aligncenter\" src=\"https:\/\/protocolo.umh.es\/files\/2016\/05\/IMG_6305-300x200-300x200.jpg\" alt=\"IMG_6305-300x200\" width=\"300\" height=\"200\" \/><\/a><\/p>\n<div id=\"wrap\"><\/div>\n<p>The aim of the Family Business Management Course is to highlight the role of family businesses in the national and provincial economy, and to complement university students&#8217; academic training with visits from local business owners who explain the unique characteristics that make family businesses an ideal place to develop a professional future. In addition, visits to companies within the province are encouraged to learn about their internal operations and how they address the various aspects that have made them unique and successful. Furthermore, the course provides training on crucial aspects of finding one&#8217;s first job, as well as tools for launching one&#8217;s own entrepreneurial venture.<\/p>\n<div id=\"wrap\">\u00a0 \u00a0 \u00a0 \u00a0 \u00a0 \u00a0 \u00a0 \u00a0 \u00a0 \u00a0 \u00a0 \u00a0 \u00a0\u00a0<a href=\"https:\/\/protocolo.umh.es\/files\/2016\/05\/IMG_5684.jpg\"><img loading=\"lazy\" class=\"alignnone size-medium wp-image-3086\" src=\"https:\/\/protocolo.umh.es\/files\/2016\/05\/IMG_5684-300x225.jpg\" alt=\"IMG_5684\" width=\"300\" height=\"225\" srcset=\"https:\/\/protocolo.umh.es\/files\/2016\/05\/IMG_5684-300x225.jpg 300w, https:\/\/protocolo.umh.es\/files\/2016\/05\/IMG_5684-1024x768.jpg 1024w\" sizes=\"(max-width: 300px) 100vw, 300px\" \/><\/a> <a href=\"https:\/\/protocolo.umh.es\/files\/2016\/05\/IMG_5686.jpg\"><img loading=\"lazy\" class=\"alignnone size-medium wp-image-3087\" src=\"https:\/\/protocolo.umh.es\/files\/2016\/05\/IMG_5686-300x225.jpg\" alt=\"IMG_5686\" width=\"300\" height=\"225\" srcset=\"https:\/\/protocolo.umh.es\/files\/2016\/05\/IMG_5686-300x225.jpg 300w, https:\/\/protocolo.umh.es\/files\/2016\/05\/IMG_5686-1024x768.jpg 1024w\" sizes=\"(max-width: 300px) 100vw, 300px\" \/><\/a>\u00a0 \u00a0 \u00a0 \u00a0 \u00a0 \u00a0 \u00a0 \u00a0 \u00a0 \u00a0 \u00a0 \u00a0 \u00a0 \u00a0 \u00a0 \u00a0 \u00a0 \u00a0 \u00a0 \u00a0 \u00a0 \u00a0 \u00a0 \u00a0 \u00a0\u00a0<a href=\"https:\/\/protocolo.umh.es\/files\/2016\/05\/IMG_5687.jpg\"><img loading=\"lazy\" class=\"alignnone size-medium wp-image-3088\" src=\"https:\/\/protocolo.umh.es\/files\/2016\/05\/IMG_5687-300x225.jpg\" alt=\"IMG_5687\" width=\"300\" height=\"225\" srcset=\"https:\/\/protocolo.umh.es\/files\/2016\/05\/IMG_5687-300x225.jpg 300w, https:\/\/protocolo.umh.es\/files\/2016\/05\/IMG_5687-1024x768.jpg 1024w\" sizes=\"(max-width: 300px) 100vw, 300px\" \/><\/a> <a href=\"https:\/\/protocolo.umh.es\/files\/2016\/05\/IMG_5689.jpg\"><img loading=\"lazy\" class=\"alignnone size-medium wp-image-3089\" src=\"https:\/\/protocolo.umh.es\/files\/2016\/05\/IMG_5689-300x225.jpg\" alt=\"IMG_5689\" width=\"300\" height=\"225\" srcset=\"https:\/\/protocolo.umh.es\/files\/2016\/05\/IMG_5689-300x225.jpg 300w, https:\/\/protocolo.umh.es\/files\/2016\/05\/IMG_5689-1024x768.jpg 1024w\" sizes=\"(max-width: 300px) 100vw, 300px\" \/><\/a><\/div>\n<p><\/p>","protected":false},"excerpt":{"rendered":"<p>The Rector of the Miguel Hern\u00e1ndez University (UMH) of Elche, Jes\u00fas T. Pastor Ciurana, presided today in the auditorium of the Rectorate and Social Council building over the closing ceremony of the Family Business Chairs courses offered jointly by the UMH and the University of Alicante (UA).<br \/>\nAttendees included M\u00f3nica Mart\u00ed Sempere, Vice-Rector for Economic Planning [&#8230;]<\/p>\n","protected":false},"author":3400,"featured_media":0,"comment_status":"closed","ping_status":"open","sticky":false,"template":"","format":"standard","meta":{"ngg_post_thumbnail":0,"_links_to":"","_links_to_target":""},"categories":[3570],"tags":[48459],"_links":{"self":[{"href":"https:\/\/protocolo.umh.es\/en\/wp-json\/wp\/v2\/posts\/3076"}],"collection":[{"href":"https:\/\/protocolo.umh.es\/en\/wp-json\/wp\/v2\/posts"}],"about":[{"href":"https:\/\/protocolo.umh.es\/en\/wp-json\/wp\/v2\/types\/post"}],"author":[{"embeddable":true,"href":"https:\/\/protocolo.umh.es\/en\/wp-json\/wp\/v2\/users\/3400"}],"replies":[{"embeddable":true,"href":"https:\/\/protocolo.umh.es\/en\/wp-json\/wp\/v2\/comments?post=3076"}],"version-history":[{"count":0,"href":"https:\/\/protocolo.umh.es\/en\/wp-json\/wp\/v2\/posts\/3076\/revisions"}],"wp:attachment":[{"href":"https:\/\/protocolo.umh.es\/en\/wp-json\/wp\/v2\/media?parent=3076"}],"wp:term":[{"taxonomy":"category","embeddable":true,"href":"https:\/\/protocolo.umh.es\/en\/wp-json\/wp\/v2\/categories?post=3076"},{"taxonomy":"post_tag","embeddable":true,"href":"https:\/\/protocolo.umh.es\/en\/wp-json\/wp\/v2\/tags?post=3076"}],"curies":[{"name":"wp","href":"https:\/\/api.w.org\/{rel}","templated":true}]}}