{"id":28894,"date":"2022-02-14T10:00:46","date_gmt":"2022-02-14T09:00:46","guid":{"rendered":"https:\/\/protocolo.umh.es\/?p=28894"},"modified":"2026-02-13T12:21:08","modified_gmt":"2026-02-13T11:21:08","slug":"pedro-lain-entralgo","status":"publish","type":"post","link":"https:\/\/protocolo.umh.es\/en\/2022\/02\/14\/pedro-lain-entralgo\/","title":{"rendered":"Pedro La\u00edn Entralgo"},"content":{"rendered":"<p><img loading=\"lazy\" class=\"alignnone\" src=\"https:\/\/www.umh.es\/img\/honoris-causa\/Pedro-Lain.jpg\" alt=\"Excmo. Sr D. Pedro La\u00edn Entralgo\" width=\"199\" height=\"255\" \/><\/p>\n<p>Awarded an honorary doctorate by the Miguel Hern\u00e1ndez University of Elche (UMH) on October 23, 1998.<\/p>\n<p>Birth: February 15, 1908, Urrea de Ga\u00e9n<br \/>\nDeath: June 5, 2001, Madrid<br \/>\nSpouse: Milagro Mart\u00ednez Prieto (m. 1934\u20131993)<br \/>\nGenre: Playwriting and essay<br \/>\nAwards:<\/p>\n<ul>\n<li>Princess of Asturias Award for Communication and Humanities in 1989<\/li>\n<li>Creu de Sant Jordi in 1982<\/li>\n<li>Men\u00e9ndez Pelayo International Prize in 1991<\/li>\n<\/ul>\n<div class=\"wDYxhc\" lang=\"es-ES\" data-attrid=\"kc:\/award\/award_winner:awards\" data-md=\"1001\" data-hveid=\"CDkQAA\" data-ved=\"2ahUKEwi23fiH6P71AhVTt6QKHarJBloQkCl6BAg5EAA\">\n<div class=\"Z1hOCe\">\n<div class=\"zloOqf PZPZlf\" data-ved=\"2ahUKEwi23fiH6P71AhVTt6QKHarJBloQyxMoAHoECDkQAQ\">\n<div><\/div>\n<\/div>\n<\/div>\n<\/div>\n<div class=\"wDYxhc\" lang=\"es-ES\" data-attrid=\"kc:\/people\/person:education\" data-md=\"1001\" data-hveid=\"CDYQAA\" data-ved=\"2ahUKEwi23fiH6P71AhVTt6QKHarJBloQkCl6BAg2EAA\">\n<div class=\"Z1hOCe\">\n<div class=\"zloOqf PZPZlf\" data-ved=\"2ahUKEwi23fiH6P71AhVTt6QKHarJBloQyxMoAHoECDYQAQ\">\n<div class=\"rVusze\">\n<p>Education: Complutense University of Madrid (1930\u20131941), University of Valencia (1927\u20131930)<\/p>\n<p>He was a Spanish essayist and physician. A prolific author, he is considered the initiator and foremost representative of the history of medicine in Spain. He pursued his medical studies in Zaragoza, Valencia, and Madrid, specializing in psychiatry. A Falangist militant, at the end of the Spanish Civil War he founded the journal Escorial with D. Ridruejo. After publishing his first volume of essays, *Medicina e historia* (1941), he was appointed to the Chair of History of Medicine at the University of Madrid, where he also served as rector.<\/p>\n<p>A frequent lecturer and contributor to newspapers and magazines, his work spanned various areas. On the one hand, he addressed topics related to his discipline in books such as Anthropology in the Work of Fray Luis de Granada* (1946), Introduction to the Study of Psychosomatic Pathology (1950), and The Doctor-Patient Relationship: History and Theory (1964), in which he reflected philosophically on the means and ends of medicine. The seven volumes of *Universal History of Medicine* (1969-1975), a collaborative work published under his direction, also belong to this field.<\/p>\n<p>But the author transcended the boundaries of his profession to engage in the historical analysis of Spanish culture with a desire for understanding and reconciliation, consistent with his rejection of Falangist ideology. This interest manifested itself in the essays *Men\u00e9ndez Pelayo: History of Intellectual Problems* (1944), The Generation of &#8217;98 (1945), and Spain as a Problem (1957).<\/p>\n<p>On the occasion of his induction into the Royal Spanish Academy (1954), he delivered a speech entitled &#8220;Memory and Hope (Saint Augustine, Saint John of the Cross, Machado, and Unamuno),&#8221; whose central theses were compiled in his first fully philosophical work, &#8220;Waiting and Hope: History and Theory of Human Expectation&#8221; (1956). Other notable texts include &#8220;The Enterprise of Being Human&#8221; (1958), &#8220;Theory and Reality of the Other&#8221; (1961), &#8220;Gregorio Mara\u00f1\u00f3n: Life, Work, and Person&#8221; (1969), the memoir &#8220;Discharge of Conscience&#8221; (1976), &#8220;Body and Soul&#8221; (1991), &#8220;Hope in Times of Crisis&#8221; (1994), and &#8220;Idea of \u200b\u200bMan&#8221; (1996).<\/p>\n<p>Source: Fern\u00e1ndez, Tom\u00e1s and Tamaro, Elena. &#8220;Biography of Pedro La\u00edn Entralgo.&#8221; In Biograf\u00edas y Vidas. The online biographical encyclopedia [Internet]. Barcelona, \u200b\u200bSpain, 2004.<\/p>\n<\/div>\n<\/div>\n<\/div>\n<\/div>\n<p><\/p>","protected":false},"excerpt":{"rendered":"<p>Awarded an honorary doctorate by the Miguel Hern\u00e1ndez University of Elche (UMH) on October 23, 1998.<br \/>\nBirth: February 15, 1908, Urrea de Ga\u00e9n<br \/>\nDeath: June 5, 2001, Madrid<br \/>\nSpouse: Milagro Mart\u00ednez Prieto (m. 1934\u20131993)<br \/>\nGenre: Playwriting and essay<br \/>\nAwards:<\/p>\n<p>Princess of Asturias Award for Communication and Humanities in 1989<br \/>\nCreu de Sant Jordi in 1982<br \/>\nMen\u00e9ndez Pelayo International Prize in 1991<\/p>\n<p>Education: Complutense University [&#8230;]<\/p>\n","protected":false},"author":3285,"featured_media":0,"comment_status":"closed","ping_status":"open","sticky":false,"template":"","format":"standard","meta":{"ngg_post_thumbnail":0,"_links_to":"","_links_to_target":""},"categories":[651],"tags":[],"_links":{"self":[{"href":"https:\/\/protocolo.umh.es\/en\/wp-json\/wp\/v2\/posts\/28894"}],"collection":[{"href":"https:\/\/protocolo.umh.es\/en\/wp-json\/wp\/v2\/posts"}],"about":[{"href":"https:\/\/protocolo.umh.es\/en\/wp-json\/wp\/v2\/types\/post"}],"author":[{"embeddable":true,"href":"https:\/\/protocolo.umh.es\/en\/wp-json\/wp\/v2\/users\/3285"}],"replies":[{"embeddable":true,"href":"https:\/\/protocolo.umh.es\/en\/wp-json\/wp\/v2\/comments?post=28894"}],"version-history":[{"count":0,"href":"https:\/\/protocolo.umh.es\/en\/wp-json\/wp\/v2\/posts\/28894\/revisions"}],"wp:attachment":[{"href":"https:\/\/protocolo.umh.es\/en\/wp-json\/wp\/v2\/media?parent=28894"}],"wp:term":[{"taxonomy":"category","embeddable":true,"href":"https:\/\/protocolo.umh.es\/en\/wp-json\/wp\/v2\/categories?post=28894"},{"taxonomy":"post_tag","embeddable":true,"href":"https:\/\/protocolo.umh.es\/en\/wp-json\/wp\/v2\/tags?post=28894"}],"curies":[{"name":"wp","href":"https:\/\/api.w.org\/{rel}","templated":true}]}}