{"id":28855,"date":"2021-02-11T11:52:12","date_gmt":"2021-02-11T10:52:12","guid":{"rendered":"https:\/\/protocolo.umh.es\/?p=28855"},"modified":"2026-02-13T13:20:50","modified_gmt":"2026-02-13T12:20:50","slug":"28855","status":"publish","type":"post","link":"https:\/\/protocolo.umh.es\/en\/2021\/02\/11\/28855\/","title":{"rendered":"Fernando \u00c1lvarez de Miranda y Torres"},"content":{"rendered":"<p><strong>His Excellency Mr. Fernando \u00c1lvarez de Miranda<\/strong><\/p>\n<p>Awarded Doctor Honoris Causa on October 4, 1999<\/p>\n<p><strong>Biography<\/strong><\/p>\n<p><strong>Fernando \u00c1lvarez de Miranda y Torres<a href=\"https:\/\/protocolo.umh.es\/files\/2022\/02\/foto-fernando-alvarez-miranda.jpg\"><img loading=\"lazy\" class=\"size-full wp-image-28858 alignleft\" src=\"https:\/\/protocolo.umh.es\/files\/2022\/02\/foto-fernando-alvarez-miranda.jpg\" alt=\"\" width=\"327\" height=\"420\" srcset=\"https:\/\/protocolo.umh.es\/files\/2022\/02\/foto-fernando-alvarez-miranda.jpg 327w, https:\/\/protocolo.umh.es\/files\/2022\/02\/foto-fernando-alvarez-miranda-234x300.jpg 234w\" sizes=\"(max-width: 327px) 100vw, 327px\" \/><\/a><\/strong><\/p>\n<p>(Santander, January 14, 1924 \u2013 Madrid, May 7, 2016)<\/p>\n<p>He was a politician, lawyer, and professor of Procedural Law at the Complutense University of Madrid. A militant supporter of the monarchist and Christian Democratic cause since his youth, he attended the Congress of the European Movement in Munich (derisively dubbed the Munich Conspiracy by the dictatorship) in 1962, an event that led to his deportation to Fuerteventura that same year.<\/p>\n<p>He served as President of the Congress. From 1994 to 1999, he was the Ombudsman of Spain.<\/p>\n<p>\u00c1lvarez de Miranda studied Law at the Universities of Madrid and Zaragoza, and European Union Law at the University of Luxembourg. He later became a professor of Procedural Law at the Complutense University of Madrid. A Christian Democrat and monarchist, he was deported to Fuerteventura by the Francoist government for attending the IV Congress of the International European Movement, held in Munich in 1962. He was a member of Juan de Borb\u00f3n&#8217;s Privy Council.<\/p>\n<p>Political Career<\/p>\n<p>During the Spanish Transition, \u00c1lvarez de Miranda founded the Christian Democratic Left, a splinter group of the Democratic Left. The party joined with several other Christian Democratic parties to form the Christian Democratic Party, which eventually merged into the Union of the Democratic Centre. \u00c1lvarez de Miranda was elected to the Congress of Deputies after the 1977 Spanish general election and served as Speaker of the Congress of Deputies from 1977 to 1979, during the Constituent Legislature, the first after Spain&#8217;s transition to democracy.<\/p>\n<p>He also served as Spain&#8217;s Ambassador to El Salvador from 1986 to 1989 and as Spain&#8217;s Ombudsman from 1994 to 1999.<\/p>\n<p>Fernando \u00c1lvarez de Miranda was the nephew of the conservative deputy Ricardo Cortes Villasana, the uncle of the politician and diplomat Jos\u00e9 Mar\u00eda Mart\u00edn \u00c1lvarez de Miranda (PP), and the cousin of Javier Cortes \u00c1lvarez de Miranda, the Santander-born archaeologist and philanthropist who discovered the Roman Villa of La Olmeda in Pedrosa de la Vega. He was also a descendant of the Leones (Tusinos) lineage.<\/p>\n<p>His son, Ram\u00f3n Mar\u00eda \u00c1lvarez de Miranda Garc\u00eda, is also a politician and economist. In 1979, at the age of 24, he became the youngest member of Congress elected in that year&#8217;s general election. He joined the Court of Auditors as an official in 1984. He served as a member of the Court from 1991 to 2021, and as its president from July 2012 to July 2018.<\/p>","protected":false},"excerpt":{"rendered":"<p>His Excellency Mr. Fernando \u00c1lvarez de Miranda<br \/>\nAwarded Doctor Honoris Causa on October 4, 1999<br \/>\nBiography<br \/>\nFernando \u00c1lvarez de Miranda y Torres<br \/>\n(Santander, January 14, 1924 \u2013 Madrid, May 7, 2016)<br \/>\nHe was a politician, lawyer, and professor of Procedural Law at the Complutense University of Madrid. A militant supporter of the monarchist and Christian Democratic cause since his youth, [&#8230;]<\/p>\n","protected":false},"author":3285,"featured_media":0,"comment_status":"closed","ping_status":"open","sticky":false,"template":"","format":"standard","meta":{"ngg_post_thumbnail":0,"_links_to":"","_links_to_target":""},"categories":[651],"tags":[],"_links":{"self":[{"href":"https:\/\/protocolo.umh.es\/en\/wp-json\/wp\/v2\/posts\/28855"}],"collection":[{"href":"https:\/\/protocolo.umh.es\/en\/wp-json\/wp\/v2\/posts"}],"about":[{"href":"https:\/\/protocolo.umh.es\/en\/wp-json\/wp\/v2\/types\/post"}],"author":[{"embeddable":true,"href":"https:\/\/protocolo.umh.es\/en\/wp-json\/wp\/v2\/users\/3285"}],"replies":[{"embeddable":true,"href":"https:\/\/protocolo.umh.es\/en\/wp-json\/wp\/v2\/comments?post=28855"}],"version-history":[{"count":0,"href":"https:\/\/protocolo.umh.es\/en\/wp-json\/wp\/v2\/posts\/28855\/revisions"}],"wp:attachment":[{"href":"https:\/\/protocolo.umh.es\/en\/wp-json\/wp\/v2\/media?parent=28855"}],"wp:term":[{"taxonomy":"category","embeddable":true,"href":"https:\/\/protocolo.umh.es\/en\/wp-json\/wp\/v2\/categories?post=28855"},{"taxonomy":"post_tag","embeddable":true,"href":"https:\/\/protocolo.umh.es\/en\/wp-json\/wp\/v2\/tags?post=28855"}],"curies":[{"name":"wp","href":"https:\/\/api.w.org\/{rel}","templated":true}]}}