{"id":23731,"date":"2021-03-30T13:48:44","date_gmt":"2021-03-30T11:48:44","guid":{"rendered":"https:\/\/protocolo.umh.es\/?p=23731"},"modified":"2021-03-30T13:52:02","modified_gmt":"2021-03-30T11:52:02","slug":"instalacion-en-elche-de-una-estacion-de-medida-atmosferica-urbana-para-analizar-la-presencia-de-restos-geneticos-de-la-covid-19","status":"publish","type":"post","link":"https:\/\/protocolo.umh.es\/en\/2021\/03\/30\/instalacion-en-elche-de-una-estacion-de-medida-atmosferica-urbana-para-analizar-la-presencia-de-restos-geneticos-de-la-covid-19\/","title":{"rendered":"<span lang=\"es\">(Espa\u00f1ol) Instalaci\u00f3n en Elche de una estaci\u00f3n de medida atmosf\u00e9rica urbana para analizar la presencia de restos gen\u00e9ticos de la Covid-19<\/span>"},"content":{"rendered":"<p class=\"qtranxs-available-languages-message qtranxs-available-languages-message-en\">Sorry, this entry is only available in <a href=\"https:\/\/protocolo.umh.es\/es\/wp-json\/wp\/v2\/posts\/23731\" class=\"qtranxs-available-language-link qtranxs-available-language-link-es\" title=\"Espa\u00f1ol\">European Spanish<\/a>.<\/p>","protected":false},"excerpt":{"rendered":"<p>Sorry, this entry is only available in European Spanish.<\/p>\n","protected":false},"author":3285,"featured_media":0,"comment_status":"closed","ping_status":"open","sticky":false,"template":"","format":"standard","meta":{"ngg_post_thumbnail":0,"_links_to":"","_links_to_target":""},"categories":[2898],"tags":[],"_links":{"self":[{"href":"https:\/\/protocolo.umh.es\/en\/wp-json\/wp\/v2\/posts\/23731"}],"collection":[{"href":"https:\/\/protocolo.umh.es\/en\/wp-json\/wp\/v2\/posts"}],"about":[{"href":"https:\/\/protocolo.umh.es\/en\/wp-json\/wp\/v2\/types\/post"}],"author":[{"embeddable":true,"href":"https:\/\/protocolo.umh.es\/en\/wp-json\/wp\/v2\/users\/3285"}],"replies":[{"embeddable":true,"href":"https:\/\/protocolo.umh.es\/en\/wp-json\/wp\/v2\/comments?post=23731"}],"version-history":[{"count":0,"href":"https:\/\/protocolo.umh.es\/en\/wp-json\/wp\/v2\/posts\/23731\/revisions"}],"wp:attachment":[{"href":"https:\/\/protocolo.umh.es\/en\/wp-json\/wp\/v2\/media?parent=23731"}],"wp:term":[{"taxonomy":"category","embeddable":true,"href":"https:\/\/protocolo.umh.es\/en\/wp-json\/wp\/v2\/categories?post=23731"},{"taxonomy":"post_tag","embeddable":true,"href":"https:\/\/protocolo.umh.es\/en\/wp-json\/wp\/v2\/tags?post=23731"}],"curies":[{"name":"wp","href":"https:\/\/api.w.org\/{rel}","templated":true}]}}