{"id":22874,"date":"2020-10-02T11:43:32","date_gmt":"2020-10-02T09:43:32","guid":{"rendered":"https:\/\/protocolo.umh.es\/?p=22874"},"modified":"2025-09-29T13:31:34","modified_gmt":"2025-09-29T11:31:34","slug":"apertura-oficial-del-curso-academico-2020-2021","status":"publish","type":"post","link":"https:\/\/protocolo.umh.es\/en\/2020\/10\/02\/apertura-oficial-del-curso-academico-2020-2021\/","title":{"rendered":"Official opening of the 2020\/2021 academic year"},"content":{"rendered":"<p>The rector of the Miguel Hern\u00e1ndez University (UMH) of Elche, Juan Jos\u00e9 Ruiz Mart\u00ednez, inaugurated the 2020\/2021 academic year this morning. The ceremony was attended by, among other dignitaries, the Regional Minister for Innovation, Universities, Science, and Digital Society, Carolina Pascual Villalobos.<\/p>\n<p>In addition to the rector of the UMH and Regional Minister Pascual Villalobos, the ceremony was presided over by the rector of the University of Valencia, Mar\u00eda Vicenta Mestre Escriv\u00e0; the rector of the Polytechnic University of Valencia, Francisco Jos\u00e9 Mora M\u00e1s; the rector of the University of Alicante, Manuel Palomar; the rector of the Jaume I University, Eva Alc\u00f3n Soler; and the rector of the University of Murcia, Jos\u00e9 Luj\u00e1n Alcaraz.<\/p>\n<p>The event was also attended by the President of the UMH Social Council, Joaqu\u00edn P\u00e9rez V\u00e1zquez; the Mayor of Elche, Carlos Gonz\u00e1lez; and the Mayor of Sant Joan d&#8217;Alacant, Jaime Joaqu\u00edn Albero; as well as the President of the Alicante Provincial Council, Carlos Maz\u00f3n; the Subdelegate of the Government in Alicante, Araceli Poblador; and the Rector of the Catholic University of Valencia, Jos\u00e9 Manuel Pag\u00e1n Agull\u00f3, among other figures.<\/p>\n<p>During the ceremony, the Secretary General of the University, Mercedes S\u00e1nchez Castillo, read the Annual Report for the 2019\/2020 Academic Year, and then Marival Bermejo, Professor of Pharmacy and Pharmaceutical Technology at the UMH, gave the inaugural lecture, entitled &#8220;The Golden Pill for Covid-19.&#8221; Likewise, awards were presented to teaching and research staff (PDI) and administrative and administrative staff (PAS) who left the service during the 2019\/2020 academic year due to death or contract termination. Finally, the video &#8220;A Year in Pictures&#8221; was screened.<\/p>\n<p><a href=\"https:\/\/protocolo.umh.es\/files\/2020\/10\/L_18196.jpg\"><img loading=\"lazy\" class=\"aligncenter wp-image-22881\" src=\"https:\/\/protocolo.umh.es\/files\/2020\/10\/L_18196-1024x683.jpg\" alt=\"\" width=\"648\" height=\"432\" srcset=\"https:\/\/protocolo.umh.es\/files\/2020\/10\/L_18196-1024x683.jpg 1024w, https:\/\/protocolo.umh.es\/files\/2020\/10\/L_18196-300x200.jpg 300w, https:\/\/protocolo.umh.es\/files\/2020\/10\/L_18196-768x512.jpg 768w, https:\/\/protocolo.umh.es\/files\/2020\/10\/L_18196.jpg 1920w\" sizes=\"(max-width: 648px) 100vw, 648px\" \/><\/a><\/p>\n<p style=\"text-align: center\">Invitation:<\/p>\n<p style=\"text-align: center\"><a href=\"https:\/\/protocolo.umh.es\/files\/2020\/10\/Invitaci\u00f3n-Castellano.pdf\">Saluda Castellano<\/a><\/p>\n<p style=\"text-align: center\"><a href=\"https:\/\/protocolo.umh.es\/files\/2020\/10\/Invitaci\u00f3-Valenci\u00e0.pdf\">Saluda Valenci\u00e0<\/a><\/p>\n<p style=\"text-align: center\">Ceremonial:<\/p>\n<p style=\"text-align: center\"><a href=\"https:\/\/protocolo.umh.es\/files\/2020\/10\/QR-Blog.jpg\"><img loading=\"lazy\" class=\"wp-image-22896 alignnone\" src=\"https:\/\/protocolo.umh.es\/files\/2020\/10\/QR-Blog.jpg\" alt=\"\" width=\"149\" height=\"147\" srcset=\"https:\/\/protocolo.umh.es\/files\/2020\/10\/QR-Blog.jpg 436w, https:\/\/protocolo.umh.es\/files\/2020\/10\/QR-Blog-300x296.jpg 300w, https:\/\/protocolo.umh.es\/files\/2020\/10\/QR-Blog-32x32.jpg 32w, https:\/\/protocolo.umh.es\/files\/2020\/10\/QR-Blog-64x64.jpg 64w, https:\/\/protocolo.umh.es\/files\/2020\/10\/QR-Blog-96x96.jpg 96w\" sizes=\"(max-width: 149px) 100vw, 149px\" \/><\/a><\/p>\n<p style=\"text-align: center\"><a href=\"https:\/\/protocolo.umh.es\/files\/2020\/10\/Ceremonial-Castellano.pdf\">Ceremonial Castellano<\/a><\/p>\n<p style=\"text-align: center\"><a href=\"https:\/\/protocolo.umh.es\/files\/2020\/10\/Cerimonial-Valenci\u00e0.pdf\">Cerimonial Valenci\u00e0<\/a><\/p>\n<p style=\"text-align: center\">Speech:<\/p>\n<p style=\"text-align: center\"><a href=\"https:\/\/protocolo.umh.es\/files\/2020\/10\/Laudatio-Dra.-Marival-Bermejo-Sanz.pdf\">Laudatio Dra. Marival Bermejo Sanz<\/a><\/p>\n<p>Photo report:<\/p>\n<p><!-- default-view.php -->\n<div\n\tclass=\"ngg-galleryoverview default-view \"\n\tid=\"ngg-gallery-f5bc50a98a80b6758914d8342f32aa67-1\">\n\n\t\t<!-- Thumbnails -->\n\t\t\t\t<div id=\"ngg-image-0\" class=\"ngg-gallery-thumbnail-box \" >\n\t\t\t\t        <div class=\"ngg-gallery-thumbnail\">\n            <a href=\"https:\/\/protocolo.umh.es\/wp-content\/uploads\/sites\/186\/nggallery\/apertura-curso-academico-2020-2021\/20201001_F-11.jpg\"\n               title=\"\"\n               data-src=\"https:\/\/protocolo.umh.es\/wp-content\/uploads\/sites\/186\/nggallery\/apertura-curso-academico-2020-2021\/20201001_F-11.jpg\"\n               data-thumbnail=\"https:\/\/protocolo.umh.es\/wp-content\/uploads\/sites\/186\/nggallery\/apertura-curso-academico-2020-2021\/thumbs\/thumbs_20201001_F-11.jpg\"\n               data-image-id=\"13218\"\n               data-title=\"20201001_F-11\"\n               data-description=\"\"\n               data-image-slug=\"20201001_f-11\"\n               class=\"ngg-simplelightbox\" rel=\"f5bc50a98a80b6758914d8342f32aa67\">\n                <img\n                    title=\"20201001_F-11\"\n                    alt=\"20201001_F-11\"\n                    src=\"https:\/\/protocolo.umh.es\/wp-content\/uploads\/sites\/186\/nggallery\/apertura-curso-academico-2020-2021\/thumbs\/thumbs_20201001_F-11.jpg\"\n                    width=\"100\"\n                    height=\"75\"\n                    style=\"max-width:100%;\"\n                \/>\n            <\/a>\n        <\/div>\n\t\t\t\t\t\t\t<\/div> \n\t\t\t\n\t\t\t\t<div id=\"ngg-image-1\" class=\"ngg-gallery-thumbnail-box \" >\n\t\t\t\t        <div class=\"ngg-gallery-thumbnail\">\n            <a href=\"https:\/\/protocolo.umh.es\/wp-content\/uploads\/sites\/186\/nggallery\/apertura-curso-academico-2020-2021\/20201001_F-21.jpg\"\n               title=\"\"\n               data-src=\"https:\/\/protocolo.umh.es\/wp-content\/uploads\/sites\/186\/nggallery\/apertura-curso-academico-2020-2021\/20201001_F-21.jpg\"\n               data-thumbnail=\"https:\/\/protocolo.umh.es\/wp-content\/uploads\/sites\/186\/nggallery\/apertura-curso-academico-2020-2021\/thumbs\/thumbs_20201001_F-21.jpg\"\n               data-image-id=\"13238\"\n               data-title=\"20201001_F-21\"\n               data-description=\"\"\n               data-image-slug=\"20201001_f-21\"\n               class=\"ngg-simplelightbox\" rel=\"f5bc50a98a80b6758914d8342f32aa67\">\n                <img\n                    title=\"20201001_F-21\"\n                    alt=\"20201001_F-21\"\n                    src=\"https:\/\/protocolo.umh.es\/wp-content\/uploads\/sites\/186\/nggallery\/apertura-curso-academico-2020-2021\/thumbs\/thumbs_20201001_F-21.jpg\"\n                    width=\"100\"\n                    height=\"75\"\n                    style=\"max-width:100%;\"\n                \/>\n            <\/a>\n        <\/div>\n\t\t\t\t\t\t\t<\/div> \n\t\t\t\n\t\t\t\t<div id=\"ngg-image-2\" class=\"ngg-gallery-thumbnail-box \" >\n\t\t\t\t        <div class=\"ngg-gallery-thumbnail\">\n            <a href=\"https:\/\/protocolo.umh.es\/wp-content\/uploads\/sites\/186\/nggallery\/apertura-curso-academico-2020-2021\/20201001_F-20.jpg\"\n               title=\"\"\n               data-src=\"https:\/\/protocolo.umh.es\/wp-content\/uploads\/sites\/186\/nggallery\/apertura-curso-academico-2020-2021\/20201001_F-20.jpg\"\n               data-thumbnail=\"https:\/\/protocolo.umh.es\/wp-content\/uploads\/sites\/186\/nggallery\/apertura-curso-academico-2020-2021\/thumbs\/thumbs_20201001_F-20.jpg\"\n               data-image-id=\"13236\"\n               data-title=\"20201001_F-20\"\n               data-description=\"\"\n               data-image-slug=\"20201001_f-20\"\n               class=\"ngg-simplelightbox\" rel=\"f5bc50a98a80b6758914d8342f32aa67\">\n                <img\n                    title=\"20201001_F-20\"\n                    alt=\"20201001_F-20\"\n                    src=\"https:\/\/protocolo.umh.es\/wp-content\/uploads\/sites\/186\/nggallery\/apertura-curso-academico-2020-2021\/thumbs\/thumbs_20201001_F-20.jpg\"\n                    width=\"100\"\n                    height=\"75\"\n                    style=\"max-width:100%;\"\n                \/>\n            <\/a>\n        <\/div>\n\t\t\t\t\t\t\t<\/div> \n\t\t\t\n\t\t\t\t<div id=\"ngg-image-3\" class=\"ngg-gallery-thumbnail-box \" >\n\t\t\t\t        <div class=\"ngg-gallery-thumbnail\">\n            <a href=\"https:\/\/protocolo.umh.es\/wp-content\/uploads\/sites\/186\/nggallery\/apertura-curso-academico-2020-2021\/20201001_F-19.jpg\"\n               title=\"\"\n               data-src=\"https:\/\/protocolo.umh.es\/wp-content\/uploads\/sites\/186\/nggallery\/apertura-curso-academico-2020-2021\/20201001_F-19.jpg\"\n               data-thumbnail=\"https:\/\/protocolo.umh.es\/wp-content\/uploads\/sites\/186\/nggallery\/apertura-curso-academico-2020-2021\/thumbs\/thumbs_20201001_F-19.jpg\"\n               data-image-id=\"13235\"\n               data-title=\"20201001_F-19\"\n               data-description=\"\"\n               data-image-slug=\"20201001_f-19\"\n               class=\"ngg-simplelightbox\" rel=\"f5bc50a98a80b6758914d8342f32aa67\">\n                <img\n                    title=\"20201001_F-19\"\n                    alt=\"20201001_F-19\"\n                    src=\"https:\/\/protocolo.umh.es\/wp-content\/uploads\/sites\/186\/nggallery\/apertura-curso-academico-2020-2021\/thumbs\/thumbs_20201001_F-19.jpg\"\n                    width=\"100\"\n                    height=\"75\"\n                    style=\"max-width:100%;\"\n                \/>\n            <\/a>\n        <\/div>\n\t\t\t\t\t\t\t<\/div> \n\t\t\t\n\t\t\t\t<div id=\"ngg-image-4\" class=\"ngg-gallery-thumbnail-box \" >\n\t\t\t\t        <div class=\"ngg-gallery-thumbnail\">\n            <a href=\"https:\/\/protocolo.umh.es\/wp-content\/uploads\/sites\/186\/nggallery\/apertura-curso-academico-2020-2021\/20201001_F-18.jpg\"\n               title=\"\"\n               data-src=\"https:\/\/protocolo.umh.es\/wp-content\/uploads\/sites\/186\/nggallery\/apertura-curso-academico-2020-2021\/20201001_F-18.jpg\"\n               data-thumbnail=\"https:\/\/protocolo.umh.es\/wp-content\/uploads\/sites\/186\/nggallery\/apertura-curso-academico-2020-2021\/thumbs\/thumbs_20201001_F-18.jpg\"\n               data-image-id=\"13233\"\n               data-title=\"20201001_F-18\"\n               data-description=\"\"\n               data-image-slug=\"20201001_f-18\"\n               class=\"ngg-simplelightbox\" rel=\"f5bc50a98a80b6758914d8342f32aa67\">\n                <img\n                    title=\"20201001_F-18\"\n                    alt=\"20201001_F-18\"\n                    src=\"https:\/\/protocolo.umh.es\/wp-content\/uploads\/sites\/186\/nggallery\/apertura-curso-academico-2020-2021\/thumbs\/thumbs_20201001_F-18.jpg\"\n                    width=\"100\"\n                    height=\"75\"\n                    style=\"max-width:100%;\"\n                \/>\n            <\/a>\n        <\/div>\n\t\t\t\t\t\t\t<\/div> \n\t\t\t\n\t\t\t\t<div id=\"ngg-image-5\" class=\"ngg-gallery-thumbnail-box \" >\n\t\t\t\t        <div class=\"ngg-gallery-thumbnail\">\n            <a href=\"https:\/\/protocolo.umh.es\/wp-content\/uploads\/sites\/186\/nggallery\/apertura-curso-academico-2020-2021\/20201001_F-17.jpg\"\n               title=\"\"\n               data-src=\"https:\/\/protocolo.umh.es\/wp-content\/uploads\/sites\/186\/nggallery\/apertura-curso-academico-2020-2021\/20201001_F-17.jpg\"\n               data-thumbnail=\"https:\/\/protocolo.umh.es\/wp-content\/uploads\/sites\/186\/nggallery\/apertura-curso-academico-2020-2021\/thumbs\/thumbs_20201001_F-17.jpg\"\n               data-image-id=\"13232\"\n               data-title=\"20201001_F-17\"\n               data-description=\"\"\n               data-image-slug=\"20201001_f-17\"\n               class=\"ngg-simplelightbox\" rel=\"f5bc50a98a80b6758914d8342f32aa67\">\n                <img\n                    title=\"20201001_F-17\"\n                    alt=\"20201001_F-17\"\n                    src=\"https:\/\/protocolo.umh.es\/wp-content\/uploads\/sites\/186\/nggallery\/apertura-curso-academico-2020-2021\/thumbs\/thumbs_20201001_F-17.jpg\"\n                    width=\"100\"\n                    height=\"75\"\n                    style=\"max-width:100%;\"\n                \/>\n            <\/a>\n        <\/div>\n\t\t\t\t\t\t\t<\/div> \n\t\t\t\n\t\t\t\t<div id=\"ngg-image-6\" class=\"ngg-gallery-thumbnail-box \" >\n\t\t\t\t        <div class=\"ngg-gallery-thumbnail\">\n            <a href=\"https:\/\/protocolo.umh.es\/wp-content\/uploads\/sites\/186\/nggallery\/apertura-curso-academico-2020-2021\/20201001_F-16.jpg\"\n               title=\"\"\n               data-src=\"https:\/\/protocolo.umh.es\/wp-content\/uploads\/sites\/186\/nggallery\/apertura-curso-academico-2020-2021\/20201001_F-16.jpg\"\n               data-thumbnail=\"https:\/\/protocolo.umh.es\/wp-content\/uploads\/sites\/186\/nggallery\/apertura-curso-academico-2020-2021\/thumbs\/thumbs_20201001_F-16.jpg\"\n               data-image-id=\"13230\"\n               data-title=\"20201001_F-16\"\n               data-description=\"\"\n               data-image-slug=\"20201001_f-16\"\n               class=\"ngg-simplelightbox\" rel=\"f5bc50a98a80b6758914d8342f32aa67\">\n                <img\n                    title=\"20201001_F-16\"\n                    alt=\"20201001_F-16\"\n                    src=\"https:\/\/protocolo.umh.es\/wp-content\/uploads\/sites\/186\/nggallery\/apertura-curso-academico-2020-2021\/thumbs\/thumbs_20201001_F-16.jpg\"\n                    width=\"100\"\n                    height=\"75\"\n                    style=\"max-width:100%;\"\n                \/>\n            <\/a>\n        <\/div>\n\t\t\t\t\t\t\t<\/div> \n\t\t\t\n\t\t\t\t<div id=\"ngg-image-7\" class=\"ngg-gallery-thumbnail-box \" >\n\t\t\t\t        <div class=\"ngg-gallery-thumbnail\">\n            <a href=\"https:\/\/protocolo.umh.es\/wp-content\/uploads\/sites\/186\/nggallery\/apertura-curso-academico-2020-2021\/20201001_F-15.jpg\"\n               title=\"\"\n               data-src=\"https:\/\/protocolo.umh.es\/wp-content\/uploads\/sites\/186\/nggallery\/apertura-curso-academico-2020-2021\/20201001_F-15.jpg\"\n               data-thumbnail=\"https:\/\/protocolo.umh.es\/wp-content\/uploads\/sites\/186\/nggallery\/apertura-curso-academico-2020-2021\/thumbs\/thumbs_20201001_F-15.jpg\"\n               data-image-id=\"13227\"\n               data-title=\"20201001_F-15\"\n               data-description=\"\"\n               data-image-slug=\"20201001_f-15\"\n               class=\"ngg-simplelightbox\" rel=\"f5bc50a98a80b6758914d8342f32aa67\">\n                <img\n                    title=\"20201001_F-15\"\n                    alt=\"20201001_F-15\"\n                    src=\"https:\/\/protocolo.umh.es\/wp-content\/uploads\/sites\/186\/nggallery\/apertura-curso-academico-2020-2021\/thumbs\/thumbs_20201001_F-15.jpg\"\n                    width=\"100\"\n                    height=\"75\"\n                    style=\"max-width:100%;\"\n                \/>\n            <\/a>\n        <\/div>\n\t\t\t\t\t\t\t<\/div> \n\t\t\t\n\t\t\t\t<div id=\"ngg-image-8\" class=\"ngg-gallery-thumbnail-box \" >\n\t\t\t\t        <div class=\"ngg-gallery-thumbnail\">\n            <a href=\"https:\/\/protocolo.umh.es\/wp-content\/uploads\/sites\/186\/nggallery\/apertura-curso-academico-2020-2021\/20201001_F-14.jpg\"\n               title=\"\"\n               data-src=\"https:\/\/protocolo.umh.es\/wp-content\/uploads\/sites\/186\/nggallery\/apertura-curso-academico-2020-2021\/20201001_F-14.jpg\"\n               data-thumbnail=\"https:\/\/protocolo.umh.es\/wp-content\/uploads\/sites\/186\/nggallery\/apertura-curso-academico-2020-2021\/thumbs\/thumbs_20201001_F-14.jpg\"\n               data-image-id=\"13226\"\n               data-title=\"20201001_F-14\"\n               data-description=\"\"\n               data-image-slug=\"20201001_f-14\"\n               class=\"ngg-simplelightbox\" rel=\"f5bc50a98a80b6758914d8342f32aa67\">\n                <img\n                    title=\"20201001_F-14\"\n                    alt=\"20201001_F-14\"\n                    src=\"https:\/\/protocolo.umh.es\/wp-content\/uploads\/sites\/186\/nggallery\/apertura-curso-academico-2020-2021\/thumbs\/thumbs_20201001_F-14.jpg\"\n                    width=\"100\"\n                    height=\"75\"\n                    style=\"max-width:100%;\"\n                \/>\n            <\/a>\n        <\/div>\n\t\t\t\t\t\t\t<\/div> \n\t\t\t\n\t\t\t\t<div id=\"ngg-image-9\" class=\"ngg-gallery-thumbnail-box \" >\n\t\t\t\t        <div class=\"ngg-gallery-thumbnail\">\n            <a href=\"https:\/\/protocolo.umh.es\/wp-content\/uploads\/sites\/186\/nggallery\/apertura-curso-academico-2020-2021\/20201001_F-13.jpg\"\n               title=\"\"\n               data-src=\"https:\/\/protocolo.umh.es\/wp-content\/uploads\/sites\/186\/nggallery\/apertura-curso-academico-2020-2021\/20201001_F-13.jpg\"\n               data-thumbnail=\"https:\/\/protocolo.umh.es\/wp-content\/uploads\/sites\/186\/nggallery\/apertura-curso-academico-2020-2021\/thumbs\/thumbs_20201001_F-13.jpg\"\n               data-image-id=\"13224\"\n               data-title=\"20201001_F-13\"\n               data-description=\"\"\n               data-image-slug=\"20201001_f-13\"\n               class=\"ngg-simplelightbox\" rel=\"f5bc50a98a80b6758914d8342f32aa67\">\n                <img\n                    title=\"20201001_F-13\"\n                    alt=\"20201001_F-13\"\n                    src=\"https:\/\/protocolo.umh.es\/wp-content\/uploads\/sites\/186\/nggallery\/apertura-curso-academico-2020-2021\/thumbs\/thumbs_20201001_F-13.jpg\"\n                    width=\"100\"\n                    height=\"75\"\n                    style=\"max-width:100%;\"\n                \/>\n            <\/a>\n        <\/div>\n\t\t\t\t\t\t\t<\/div> \n\t\t\t\n\t\t\t\t<div id=\"ngg-image-10\" class=\"ngg-gallery-thumbnail-box \" >\n\t\t\t\t        <div class=\"ngg-gallery-thumbnail\">\n            <a href=\"https:\/\/protocolo.umh.es\/wp-content\/uploads\/sites\/186\/nggallery\/apertura-curso-academico-2020-2021\/20201001_F-12.jpg\"\n               title=\"\"\n               data-src=\"https:\/\/protocolo.umh.es\/wp-content\/uploads\/sites\/186\/nggallery\/apertura-curso-academico-2020-2021\/20201001_F-12.jpg\"\n               data-thumbnail=\"https:\/\/protocolo.umh.es\/wp-content\/uploads\/sites\/186\/nggallery\/apertura-curso-academico-2020-2021\/thumbs\/thumbs_20201001_F-12.jpg\"\n               data-image-id=\"13221\"\n               data-title=\"20201001_F-12\"\n               data-description=\"\"\n               data-image-slug=\"20201001_f-12\"\n               class=\"ngg-simplelightbox\" rel=\"f5bc50a98a80b6758914d8342f32aa67\">\n                <img\n                    title=\"20201001_F-12\"\n                    alt=\"20201001_F-12\"\n                    src=\"https:\/\/protocolo.umh.es\/wp-content\/uploads\/sites\/186\/nggallery\/apertura-curso-academico-2020-2021\/thumbs\/thumbs_20201001_F-12.jpg\"\n                    width=\"100\"\n                    height=\"75\"\n                    style=\"max-width:100%;\"\n                \/>\n            <\/a>\n        <\/div>\n\t\t\t\t\t\t\t<\/div> \n\t\t\t\n\t\t\t\t<div id=\"ngg-image-11\" class=\"ngg-gallery-thumbnail-box \" >\n\t\t\t\t        <div class=\"ngg-gallery-thumbnail\">\n            <a href=\"https:\/\/protocolo.umh.es\/wp-content\/uploads\/sites\/186\/nggallery\/apertura-curso-academico-2020-2021\/20201001_F-1.jpg\"\n               title=\"\"\n               data-src=\"https:\/\/protocolo.umh.es\/wp-content\/uploads\/sites\/186\/nggallery\/apertura-curso-academico-2020-2021\/20201001_F-1.jpg\"\n               data-thumbnail=\"https:\/\/protocolo.umh.es\/wp-content\/uploads\/sites\/186\/nggallery\/apertura-curso-academico-2020-2021\/thumbs\/thumbs_20201001_F-1.jpg\"\n               data-image-id=\"13191\"\n               data-title=\"20201001_F-1\"\n               data-description=\"\"\n               data-image-slug=\"20201001_f-1\"\n               class=\"ngg-simplelightbox\" rel=\"f5bc50a98a80b6758914d8342f32aa67\">\n                <img\n                    title=\"20201001_F-1\"\n                    alt=\"20201001_F-1\"\n                    src=\"https:\/\/protocolo.umh.es\/wp-content\/uploads\/sites\/186\/nggallery\/apertura-curso-academico-2020-2021\/thumbs\/thumbs_20201001_F-1.jpg\"\n                    width=\"100\"\n                    height=\"75\"\n                    style=\"max-width:100%;\"\n                \/>\n            <\/a>\n        <\/div>\n\t\t\t\t\t\t\t<\/div> \n\t\t\t\n\t\t\t\t<div id=\"ngg-image-12\" class=\"ngg-gallery-thumbnail-box \" >\n\t\t\t\t        <div class=\"ngg-gallery-thumbnail\">\n            <a href=\"https:\/\/protocolo.umh.es\/wp-content\/uploads\/sites\/186\/nggallery\/apertura-curso-academico-2020-2021\/20201001_F-10.jpg\"\n               title=\"\"\n               data-src=\"https:\/\/protocolo.umh.es\/wp-content\/uploads\/sites\/186\/nggallery\/apertura-curso-academico-2020-2021\/20201001_F-10.jpg\"\n               data-thumbnail=\"https:\/\/protocolo.umh.es\/wp-content\/uploads\/sites\/186\/nggallery\/apertura-curso-academico-2020-2021\/thumbs\/thumbs_20201001_F-10.jpg\"\n               data-image-id=\"13215\"\n               data-title=\"20201001_F-10\"\n               data-description=\"\"\n               data-image-slug=\"20201001_f-10\"\n               class=\"ngg-simplelightbox\" rel=\"f5bc50a98a80b6758914d8342f32aa67\">\n                <img\n                    title=\"20201001_F-10\"\n                    alt=\"20201001_F-10\"\n                    src=\"https:\/\/protocolo.umh.es\/wp-content\/uploads\/sites\/186\/nggallery\/apertura-curso-academico-2020-2021\/thumbs\/thumbs_20201001_F-10.jpg\"\n                    width=\"100\"\n                    height=\"75\"\n                    style=\"max-width:100%;\"\n                \/>\n            <\/a>\n        <\/div>\n\t\t\t\t\t\t\t<\/div> \n\t\t\t\n\t\t\t\t<div id=\"ngg-image-13\" class=\"ngg-gallery-thumbnail-box \" >\n\t\t\t\t        <div class=\"ngg-gallery-thumbnail\">\n            <a href=\"https:\/\/protocolo.umh.es\/wp-content\/uploads\/sites\/186\/nggallery\/apertura-curso-academico-2020-2021\/20201001_F-9.jpg\"\n               title=\"\"\n               data-src=\"https:\/\/protocolo.umh.es\/wp-content\/uploads\/sites\/186\/nggallery\/apertura-curso-academico-2020-2021\/20201001_F-9.jpg\"\n               data-thumbnail=\"https:\/\/protocolo.umh.es\/wp-content\/uploads\/sites\/186\/nggallery\/apertura-curso-academico-2020-2021\/thumbs\/thumbs_20201001_F-9.jpg\"\n               data-image-id=\"13214\"\n               data-title=\"20201001_F-9\"\n               data-description=\"\"\n               data-image-slug=\"20201001_f-9\"\n               class=\"ngg-simplelightbox\" rel=\"f5bc50a98a80b6758914d8342f32aa67\">\n                <img\n                    title=\"20201001_F-9\"\n                    alt=\"20201001_F-9\"\n                    src=\"https:\/\/protocolo.umh.es\/wp-content\/uploads\/sites\/186\/nggallery\/apertura-curso-academico-2020-2021\/thumbs\/thumbs_20201001_F-9.jpg\"\n                    width=\"100\"\n                    height=\"75\"\n                    style=\"max-width:100%;\"\n                \/>\n            <\/a>\n        <\/div>\n\t\t\t\t\t\t\t<\/div> \n\t\t\t\n\t\t\t\t<div id=\"ngg-image-14\" class=\"ngg-gallery-thumbnail-box \" >\n\t\t\t\t        <div class=\"ngg-gallery-thumbnail\">\n            <a href=\"https:\/\/protocolo.umh.es\/wp-content\/uploads\/sites\/186\/nggallery\/apertura-curso-academico-2020-2021\/20201001_F-8.jpg\"\n               title=\"\"\n               data-src=\"https:\/\/protocolo.umh.es\/wp-content\/uploads\/sites\/186\/nggallery\/apertura-curso-academico-2020-2021\/20201001_F-8.jpg\"\n               data-thumbnail=\"https:\/\/protocolo.umh.es\/wp-content\/uploads\/sites\/186\/nggallery\/apertura-curso-academico-2020-2021\/thumbs\/thumbs_20201001_F-8.jpg\"\n               data-image-id=\"13211\"\n               data-title=\"20201001_F-8\"\n               data-description=\"\"\n               data-image-slug=\"20201001_f-8\"\n               class=\"ngg-simplelightbox\" rel=\"f5bc50a98a80b6758914d8342f32aa67\">\n                <img\n                    title=\"20201001_F-8\"\n                    alt=\"20201001_F-8\"\n                    src=\"https:\/\/protocolo.umh.es\/wp-content\/uploads\/sites\/186\/nggallery\/apertura-curso-academico-2020-2021\/thumbs\/thumbs_20201001_F-8.jpg\"\n                    width=\"100\"\n                    height=\"75\"\n                    style=\"max-width:100%;\"\n                \/>\n            <\/a>\n        <\/div>\n\t\t\t\t\t\t\t<\/div> \n\t\t\t\n\t\t\t\t<div id=\"ngg-image-15\" class=\"ngg-gallery-thumbnail-box \" >\n\t\t\t\t        <div class=\"ngg-gallery-thumbnail\">\n            <a href=\"https:\/\/protocolo.umh.es\/wp-content\/uploads\/sites\/186\/nggallery\/apertura-curso-academico-2020-2021\/20201001_F-7.jpg\"\n               title=\"\"\n               data-src=\"https:\/\/protocolo.umh.es\/wp-content\/uploads\/sites\/186\/nggallery\/apertura-curso-academico-2020-2021\/20201001_F-7.jpg\"\n               data-thumbnail=\"https:\/\/protocolo.umh.es\/wp-content\/uploads\/sites\/186\/nggallery\/apertura-curso-academico-2020-2021\/thumbs\/thumbs_20201001_F-7.jpg\"\n               data-image-id=\"13208\"\n               data-title=\"20201001_F-7\"\n               data-description=\"\"\n               data-image-slug=\"20201001_f-7\"\n               class=\"ngg-simplelightbox\" rel=\"f5bc50a98a80b6758914d8342f32aa67\">\n                <img\n                    title=\"20201001_F-7\"\n                    alt=\"20201001_F-7\"\n                    src=\"https:\/\/protocolo.umh.es\/wp-content\/uploads\/sites\/186\/nggallery\/apertura-curso-academico-2020-2021\/thumbs\/thumbs_20201001_F-7.jpg\"\n                    width=\"100\"\n                    height=\"75\"\n                    style=\"max-width:100%;\"\n                \/>\n            <\/a>\n        <\/div>\n\t\t\t\t\t\t\t<\/div> \n\t\t\t\n\t\t\t\t<div id=\"ngg-image-16\" class=\"ngg-gallery-thumbnail-box \" >\n\t\t\t\t        <div class=\"ngg-gallery-thumbnail\">\n            <a href=\"https:\/\/protocolo.umh.es\/wp-content\/uploads\/sites\/186\/nggallery\/apertura-curso-academico-2020-2021\/20201001_F-6.jpg\"\n               title=\"\"\n               data-src=\"https:\/\/protocolo.umh.es\/wp-content\/uploads\/sites\/186\/nggallery\/apertura-curso-academico-2020-2021\/20201001_F-6.jpg\"\n               data-thumbnail=\"https:\/\/protocolo.umh.es\/wp-content\/uploads\/sites\/186\/nggallery\/apertura-curso-academico-2020-2021\/thumbs\/thumbs_20201001_F-6.jpg\"\n               data-image-id=\"13205\"\n               data-title=\"20201001_F-6\"\n               data-description=\"\"\n               data-image-slug=\"20201001_f-6\"\n               class=\"ngg-simplelightbox\" rel=\"f5bc50a98a80b6758914d8342f32aa67\">\n                <img\n                    title=\"20201001_F-6\"\n                    alt=\"20201001_F-6\"\n                    src=\"https:\/\/protocolo.umh.es\/wp-content\/uploads\/sites\/186\/nggallery\/apertura-curso-academico-2020-2021\/thumbs\/thumbs_20201001_F-6.jpg\"\n                    width=\"100\"\n                    height=\"75\"\n                    style=\"max-width:100%;\"\n                \/>\n            <\/a>\n        <\/div>\n\t\t\t\t\t\t\t<\/div> \n\t\t\t\n\t\t\t\t<div id=\"ngg-image-17\" class=\"ngg-gallery-thumbnail-box \" >\n\t\t\t\t        <div class=\"ngg-gallery-thumbnail\">\n            <a href=\"https:\/\/protocolo.umh.es\/wp-content\/uploads\/sites\/186\/nggallery\/apertura-curso-academico-2020-2021\/20201001_F-5.jpg\"\n               title=\"\"\n               data-src=\"https:\/\/protocolo.umh.es\/wp-content\/uploads\/sites\/186\/nggallery\/apertura-curso-academico-2020-2021\/20201001_F-5.jpg\"\n               data-thumbnail=\"https:\/\/protocolo.umh.es\/wp-content\/uploads\/sites\/186\/nggallery\/apertura-curso-academico-2020-2021\/thumbs\/thumbs_20201001_F-5.jpg\"\n               data-image-id=\"13202\"\n               data-title=\"20201001_F-5\"\n               data-description=\"\"\n               data-image-slug=\"20201001_f-5\"\n               class=\"ngg-simplelightbox\" rel=\"f5bc50a98a80b6758914d8342f32aa67\">\n                <img\n                    title=\"20201001_F-5\"\n                    alt=\"20201001_F-5\"\n                    src=\"https:\/\/protocolo.umh.es\/wp-content\/uploads\/sites\/186\/nggallery\/apertura-curso-academico-2020-2021\/thumbs\/thumbs_20201001_F-5.jpg\"\n                    width=\"100\"\n                    height=\"75\"\n                    style=\"max-width:100%;\"\n                \/>\n            <\/a>\n        <\/div>\n\t\t\t\t\t\t\t<\/div> \n\t\t\t\n\t\t\t\t<div id=\"ngg-image-18\" class=\"ngg-gallery-thumbnail-box \" >\n\t\t\t\t        <div class=\"ngg-gallery-thumbnail\">\n            <a href=\"https:\/\/protocolo.umh.es\/wp-content\/uploads\/sites\/186\/nggallery\/apertura-curso-academico-2020-2021\/20201001_F-4.jpg\"\n               title=\"\"\n               data-src=\"https:\/\/protocolo.umh.es\/wp-content\/uploads\/sites\/186\/nggallery\/apertura-curso-academico-2020-2021\/20201001_F-4.jpg\"\n               data-thumbnail=\"https:\/\/protocolo.umh.es\/wp-content\/uploads\/sites\/186\/nggallery\/apertura-curso-academico-2020-2021\/thumbs\/thumbs_20201001_F-4.jpg\"\n               data-image-id=\"13200\"\n               data-title=\"20201001_F-4\"\n               data-description=\"\"\n               data-image-slug=\"20201001_f-4\"\n               class=\"ngg-simplelightbox\" rel=\"f5bc50a98a80b6758914d8342f32aa67\">\n                <img\n                    title=\"20201001_F-4\"\n                    alt=\"20201001_F-4\"\n                    src=\"https:\/\/protocolo.umh.es\/wp-content\/uploads\/sites\/186\/nggallery\/apertura-curso-academico-2020-2021\/thumbs\/thumbs_20201001_F-4.jpg\"\n                    width=\"100\"\n                    height=\"75\"\n                    style=\"max-width:100%;\"\n                \/>\n            <\/a>\n        <\/div>\n\t\t\t\t\t\t\t<\/div> \n\t\t\t\n\t\t\t\t<div id=\"ngg-image-19\" class=\"ngg-gallery-thumbnail-box \" >\n\t\t\t\t        <div class=\"ngg-gallery-thumbnail\">\n            <a href=\"https:\/\/protocolo.umh.es\/wp-content\/uploads\/sites\/186\/nggallery\/apertura-curso-academico-2020-2021\/20201001_F-3.jpg\"\n               title=\"\"\n               data-src=\"https:\/\/protocolo.umh.es\/wp-content\/uploads\/sites\/186\/nggallery\/apertura-curso-academico-2020-2021\/20201001_F-3.jpg\"\n               data-thumbnail=\"https:\/\/protocolo.umh.es\/wp-content\/uploads\/sites\/186\/nggallery\/apertura-curso-academico-2020-2021\/thumbs\/thumbs_20201001_F-3.jpg\"\n               data-image-id=\"13197\"\n               data-title=\"20201001_F-3\"\n               data-description=\"\"\n               data-image-slug=\"20201001_f-3\"\n               class=\"ngg-simplelightbox\" rel=\"f5bc50a98a80b6758914d8342f32aa67\">\n                <img\n                    title=\"20201001_F-3\"\n                    alt=\"20201001_F-3\"\n                    src=\"https:\/\/protocolo.umh.es\/wp-content\/uploads\/sites\/186\/nggallery\/apertura-curso-academico-2020-2021\/thumbs\/thumbs_20201001_F-3.jpg\"\n                    width=\"100\"\n                    height=\"75\"\n                    style=\"max-width:100%;\"\n                \/>\n            <\/a>\n        <\/div>\n\t\t\t\t\t\t\t<\/div> \n\t\t\t\n\t\t\t\t<div id=\"ngg-image-20\" class=\"ngg-gallery-thumbnail-box \" >\n\t\t\t\t        <div class=\"ngg-gallery-thumbnail\">\n            <a href=\"https:\/\/protocolo.umh.es\/wp-content\/uploads\/sites\/186\/nggallery\/apertura-curso-academico-2020-2021\/20201001_F-2.jpg\"\n               title=\"\"\n               data-src=\"https:\/\/protocolo.umh.es\/wp-content\/uploads\/sites\/186\/nggallery\/apertura-curso-academico-2020-2021\/20201001_F-2.jpg\"\n               data-thumbnail=\"https:\/\/protocolo.umh.es\/wp-content\/uploads\/sites\/186\/nggallery\/apertura-curso-academico-2020-2021\/thumbs\/thumbs_20201001_F-2.jpg\"\n               data-image-id=\"13194\"\n               data-title=\"20201001_F-2\"\n               data-description=\"\"\n               data-image-slug=\"20201001_f-2\"\n               class=\"ngg-simplelightbox\" rel=\"f5bc50a98a80b6758914d8342f32aa67\">\n                <img\n                    title=\"20201001_F-2\"\n                    alt=\"20201001_F-2\"\n                    src=\"https:\/\/protocolo.umh.es\/wp-content\/uploads\/sites\/186\/nggallery\/apertura-curso-academico-2020-2021\/thumbs\/thumbs_20201001_F-2.jpg\"\n                    width=\"100\"\n                    height=\"75\"\n                    style=\"max-width:100%;\"\n                \/>\n            <\/a>\n        <\/div>\n\t\t\t\t\t\t\t<\/div> \n\t\t\t\n\t\n\t<br style=\"clear: both\" \/>\n\n\t\n\t\t<!-- Pagination -->\n\t<div class='ngg-clear'><\/div>\t<\/div>\n<\/p>","protected":false},"excerpt":{"rendered":"<p>The rector of the Miguel Hern\u00e1ndez University (UMH) of Elche, Juan Jos\u00e9 Ruiz Mart\u00ednez, inaugurated the 2020\/2021 academic year this morning. The ceremony was attended by, among other dignitaries, the Regional Minister for Innovation, Universities, Science, and Digital Society, Carolina Pascual Villalobos.<br \/>\nIn addition to the rector of the UMH and Regional Minister Pascual Villalobos, the [&#8230;]<\/p>\n","protected":false},"author":3047,"featured_media":0,"comment_status":"closed","ping_status":"open","sticky":false,"template":"","format":"standard","meta":{"ngg_post_thumbnail":0,"_links_to":"","_links_to_target":""},"categories":[650],"tags":[],"_links":{"self":[{"href":"https:\/\/protocolo.umh.es\/en\/wp-json\/wp\/v2\/posts\/22874"}],"collection":[{"href":"https:\/\/protocolo.umh.es\/en\/wp-json\/wp\/v2\/posts"}],"about":[{"href":"https:\/\/protocolo.umh.es\/en\/wp-json\/wp\/v2\/types\/post"}],"author":[{"embeddable":true,"href":"https:\/\/protocolo.umh.es\/en\/wp-json\/wp\/v2\/users\/3047"}],"replies":[{"embeddable":true,"href":"https:\/\/protocolo.umh.es\/en\/wp-json\/wp\/v2\/comments?post=22874"}],"version-history":[{"count":0,"href":"https:\/\/protocolo.umh.es\/en\/wp-json\/wp\/v2\/posts\/22874\/revisions"}],"wp:attachment":[{"href":"https:\/\/protocolo.umh.es\/en\/wp-json\/wp\/v2\/media?parent=22874"}],"wp:term":[{"taxonomy":"category","embeddable":true,"href":"https:\/\/protocolo.umh.es\/en\/wp-json\/wp\/v2\/categories?post=22874"},{"taxonomy":"post_tag","embeddable":true,"href":"https:\/\/protocolo.umh.es\/en\/wp-json\/wp\/v2\/tags?post=22874"}],"curies":[{"name":"wp","href":"https:\/\/api.w.org\/{rel}","templated":true}]}}