{"id":22145,"date":"2020-07-28T13:02:28","date_gmt":"2020-07-28T11:02:28","guid":{"rendered":"https:\/\/protocolo.umh.es\/?p=22145"},"modified":"2025-09-26T13:19:13","modified_gmt":"2025-09-26T11:19:13","slug":"clausura-del-curso-academico-2019-2020","status":"publish","type":"post","link":"https:\/\/protocolo.umh.es\/en\/2020\/07\/28\/clausura-del-curso-academico-2019-2020\/","title":{"rendered":"Closure of the 2019\/2020 academic year"},"content":{"rendered":"<p>The rector of the Universidad Miguel Hern\u00e1ndez (UMH) in Elche, Juan Jos\u00e9 Ruiz Mart\u00ednez, officially closed the 2019\/2020 academic year this morning. During the ceremony, the 2019 Extraordinary Degree Awards were presented, as well as those for Innova-Emprende, EmprendeWeekend and Mentoring.<\/p>\n<p><a href=\"https:\/\/comunicacion.umh.es\/files\/2020\/07\/L_12123.jpg\"><img loading=\"lazy\" class=\"size-medium wp-image-136625 alignleft\" src=\"https:\/\/comunicacion.umh.es\/files\/2020\/07\/L_12123-300x200.jpg\" alt=\"\" width=\"300\" height=\"200\" aria-describedby=\"caption-attachment-136625\" \/><\/a>The ceremony was chaired, in addition to the rector, by the president of the Social Council of the University, Joaqu\u00edn P\u00e9rez V\u00e1zquez; the Vice Chancellor of Studies, Susana Fern\u00e1ndez de \u00c1vila; the vice-rector of Knowledge Transfer and Exchange, Mar\u00eda Jos\u00e9 L\u00f3pez S\u00e1nchez; and the General Secretary, Mercedes S\u00e1nchez Castillo.<\/p>\n<p>The event was also attended by, among others, the mayor of Elche, Carlos Gonz\u00e1lez; the mayor of Orihuela, Emilio Bascu\u00f1ana; that of Sant Joan d&#8217;Alacant, Jaime Albero; and the Councilor for Culture of Altea City Council, Aurora Serrat.<\/p>\n<p>Prior to the closing ceremony of the academic year, the rector of the UMH, along with representatives of the University and the town councils of the four campuses, made a floral offering on a monolith, located next to the Arenals building on the Elche campus, as a tribute to the victims of COVID 19.<\/p>\n<p>&nbsp;<\/p>\n<p>&nbsp;<\/p>\n<p><a href=\"https:\/\/protocolo.umh.es\/files\/2020\/07\/Ceremonial-blog.jpg\"><img loading=\"lazy\" class=\"aligncenter wp-image-22148\" src=\"https:\/\/protocolo.umh.es\/files\/2020\/07\/Ceremonial-blog.jpg\" alt=\"\" width=\"718\" height=\"520\" srcset=\"https:\/\/protocolo.umh.es\/files\/2020\/07\/Ceremonial-blog.jpg 885w, https:\/\/protocolo.umh.es\/files\/2020\/07\/Ceremonial-blog-300x217.jpg 300w, https:\/\/protocolo.umh.es\/files\/2020\/07\/Ceremonial-blog-768x556.jpg 768w\" sizes=\"(max-width: 718px) 100vw, 718px\" \/><\/a><\/p>\n<h4>Photographic report:<\/h4>\n<!-- default-view.php -->\n<div\n\tclass=\"ngg-galleryoverview default-view \"\n\tid=\"ngg-gallery-c0738038302c756fe4891ce7a97b5eb9-1\">\n\n\t\t<!-- Thumbnails -->\n\t\t\t\t<div id=\"ngg-image-0\" class=\"ngg-gallery-thumbnail-box \" >\n\t\t\t\t        <div class=\"ngg-gallery-thumbnail\">\n            <a href=\"https:\/\/protocolo.umh.es\/wp-content\/uploads\/sites\/186\/nggallery\/clausura-curso-academico-2019-2020\/UMH_148.jpg\"\n               title=\"\"\n               data-src=\"https:\/\/protocolo.umh.es\/wp-content\/uploads\/sites\/186\/nggallery\/clausura-curso-academico-2019-2020\/UMH_148.jpg\"\n               data-thumbnail=\"https:\/\/protocolo.umh.es\/wp-content\/uploads\/sites\/186\/nggallery\/clausura-curso-academico-2019-2020\/thumbs\/thumbs_UMH_148.jpg\"\n               data-image-id=\"12599\"\n               data-title=\"UMH_148\"\n               data-description=\"\"\n               data-image-slug=\"umh_148\"\n               class=\"ngg-simplelightbox\" rel=\"c0738038302c756fe4891ce7a97b5eb9\">\n                <img\n                    title=\"UMH_148\"\n                    alt=\"UMH_148\"\n                    src=\"https:\/\/protocolo.umh.es\/wp-content\/uploads\/sites\/186\/nggallery\/clausura-curso-academico-2019-2020\/thumbs\/thumbs_UMH_148.jpg\"\n                    width=\"100\"\n                    height=\"75\"\n                    style=\"max-width:100%;\"\n                \/>\n            <\/a>\n        <\/div>\n\t\t\t\t\t\t\t<\/div> \n\t\t\t\n\t\t\t\t<div id=\"ngg-image-1\" class=\"ngg-gallery-thumbnail-box \" >\n\t\t\t\t        <div class=\"ngg-gallery-thumbnail\">\n            <a href=\"https:\/\/protocolo.umh.es\/wp-content\/uploads\/sites\/186\/nggallery\/clausura-curso-academico-2019-2020\/UMH_231.jpg\"\n               title=\"\"\n               data-src=\"https:\/\/protocolo.umh.es\/wp-content\/uploads\/sites\/186\/nggallery\/clausura-curso-academico-2019-2020\/UMH_231.jpg\"\n               data-thumbnail=\"https:\/\/protocolo.umh.es\/wp-content\/uploads\/sites\/186\/nggallery\/clausura-curso-academico-2019-2020\/thumbs\/thumbs_UMH_231.jpg\"\n               data-image-id=\"12725\"\n               data-title=\"UMH_231\"\n               data-description=\"\"\n               data-image-slug=\"umh_231\"\n               class=\"ngg-simplelightbox\" rel=\"c0738038302c756fe4891ce7a97b5eb9\">\n                <img\n                    title=\"UMH_231\"\n                    alt=\"UMH_231\"\n                    src=\"https:\/\/protocolo.umh.es\/wp-content\/uploads\/sites\/186\/nggallery\/clausura-curso-academico-2019-2020\/thumbs\/thumbs_UMH_231.jpg\"\n                    width=\"100\"\n                    height=\"75\"\n                    style=\"max-width:100%;\"\n                \/>\n            <\/a>\n        <\/div>\n\t\t\t\t\t\t\t<\/div> \n\t\t\t\n\t\t\t\t<div id=\"ngg-image-2\" class=\"ngg-gallery-thumbnail-box \" >\n\t\t\t\t        <div class=\"ngg-gallery-thumbnail\">\n            <a href=\"https:\/\/protocolo.umh.es\/wp-content\/uploads\/sites\/186\/nggallery\/clausura-curso-academico-2019-2020\/UMH_132.jpg\"\n               title=\"\"\n               data-src=\"https:\/\/protocolo.umh.es\/wp-content\/uploads\/sites\/186\/nggallery\/clausura-curso-academico-2019-2020\/UMH_132.jpg\"\n               data-thumbnail=\"https:\/\/protocolo.umh.es\/wp-content\/uploads\/sites\/186\/nggallery\/clausura-curso-academico-2019-2020\/thumbs\/thumbs_UMH_132.jpg\"\n               data-image-id=\"12579\"\n               data-title=\"UMH_132\"\n               data-description=\"\"\n               data-image-slug=\"umh_132\"\n               class=\"ngg-simplelightbox\" rel=\"c0738038302c756fe4891ce7a97b5eb9\">\n                <img\n                    title=\"UMH_132\"\n                    alt=\"UMH_132\"\n                    src=\"https:\/\/protocolo.umh.es\/wp-content\/uploads\/sites\/186\/nggallery\/clausura-curso-academico-2019-2020\/thumbs\/thumbs_UMH_132.jpg\"\n                    width=\"100\"\n                    height=\"75\"\n                    style=\"max-width:100%;\"\n                \/>\n            <\/a>\n        <\/div>\n\t\t\t\t\t\t\t<\/div> \n\t\t\t\n\t\t\t\t<div id=\"ngg-image-3\" class=\"ngg-gallery-thumbnail-box \" >\n\t\t\t\t        <div class=\"ngg-gallery-thumbnail\">\n            <a href=\"https:\/\/protocolo.umh.es\/wp-content\/uploads\/sites\/186\/nggallery\/clausura-curso-academico-2019-2020\/UMH_130.jpg\"\n               title=\"\"\n               data-src=\"https:\/\/protocolo.umh.es\/wp-content\/uploads\/sites\/186\/nggallery\/clausura-curso-academico-2019-2020\/UMH_130.jpg\"\n               data-thumbnail=\"https:\/\/protocolo.umh.es\/wp-content\/uploads\/sites\/186\/nggallery\/clausura-curso-academico-2019-2020\/thumbs\/thumbs_UMH_130.jpg\"\n               data-image-id=\"12578\"\n               data-title=\"UMH_130\"\n               data-description=\"\"\n               data-image-slug=\"umh_130\"\n               class=\"ngg-simplelightbox\" rel=\"c0738038302c756fe4891ce7a97b5eb9\">\n                <img\n                    title=\"UMH_130\"\n                    alt=\"UMH_130\"\n                    src=\"https:\/\/protocolo.umh.es\/wp-content\/uploads\/sites\/186\/nggallery\/clausura-curso-academico-2019-2020\/thumbs\/thumbs_UMH_130.jpg\"\n                    width=\"100\"\n                    height=\"75\"\n                    style=\"max-width:100%;\"\n                \/>\n            <\/a>\n        <\/div>\n\t\t\t\t\t\t\t<\/div> \n\t\t\t\n\t\t\t\t<div id=\"ngg-image-4\" class=\"ngg-gallery-thumbnail-box \" >\n\t\t\t\t        <div class=\"ngg-gallery-thumbnail\">\n            <a href=\"https:\/\/protocolo.umh.es\/wp-content\/uploads\/sites\/186\/nggallery\/clausura-curso-academico-2019-2020\/UMH_213.jpg\"\n               title=\"\"\n               data-src=\"https:\/\/protocolo.umh.es\/wp-content\/uploads\/sites\/186\/nggallery\/clausura-curso-academico-2019-2020\/UMH_213.jpg\"\n               data-thumbnail=\"https:\/\/protocolo.umh.es\/wp-content\/uploads\/sites\/186\/nggallery\/clausura-curso-academico-2019-2020\/thumbs\/thumbs_UMH_213.jpg\"\n               data-image-id=\"12690\"\n               data-title=\"UMH_213\"\n               data-description=\"\"\n               data-image-slug=\"umh_213\"\n               class=\"ngg-simplelightbox\" rel=\"c0738038302c756fe4891ce7a97b5eb9\">\n                <img\n                    title=\"UMH_213\"\n                    alt=\"UMH_213\"\n                    src=\"https:\/\/protocolo.umh.es\/wp-content\/uploads\/sites\/186\/nggallery\/clausura-curso-academico-2019-2020\/thumbs\/thumbs_UMH_213.jpg\"\n                    width=\"100\"\n                    height=\"75\"\n                    style=\"max-width:100%;\"\n                \/>\n            <\/a>\n        <\/div>\n\t\t\t\t\t\t\t<\/div> \n\t\t\t\n\t\t\t\t<div id=\"ngg-image-5\" class=\"ngg-gallery-thumbnail-box \" >\n\t\t\t\t        <div class=\"ngg-gallery-thumbnail\">\n            <a href=\"https:\/\/protocolo.umh.es\/wp-content\/uploads\/sites\/186\/nggallery\/clausura-curso-academico-2019-2020\/UMH_146.jpg\"\n               title=\"\"\n               data-src=\"https:\/\/protocolo.umh.es\/wp-content\/uploads\/sites\/186\/nggallery\/clausura-curso-academico-2019-2020\/UMH_146.jpg\"\n               data-thumbnail=\"https:\/\/protocolo.umh.es\/wp-content\/uploads\/sites\/186\/nggallery\/clausura-curso-academico-2019-2020\/thumbs\/thumbs_UMH_146.jpg\"\n               data-image-id=\"12597\"\n               data-title=\"UMH_146\"\n               data-description=\"\"\n               data-image-slug=\"umh_146\"\n               class=\"ngg-simplelightbox\" rel=\"c0738038302c756fe4891ce7a97b5eb9\">\n                <img\n                    title=\"UMH_146\"\n                    alt=\"UMH_146\"\n                    src=\"https:\/\/protocolo.umh.es\/wp-content\/uploads\/sites\/186\/nggallery\/clausura-curso-academico-2019-2020\/thumbs\/thumbs_UMH_146.jpg\"\n                    width=\"100\"\n                    height=\"75\"\n                    style=\"max-width:100%;\"\n                \/>\n            <\/a>\n        <\/div>\n\t\t\t\t\t\t\t<\/div> \n\t\t\t\n\t\t\t\t<div id=\"ngg-image-6\" class=\"ngg-gallery-thumbnail-box \" >\n\t\t\t\t        <div class=\"ngg-gallery-thumbnail\">\n            <a href=\"https:\/\/protocolo.umh.es\/wp-content\/uploads\/sites\/186\/nggallery\/clausura-curso-academico-2019-2020\/UMH_223.jpg\"\n               title=\"\"\n               data-src=\"https:\/\/protocolo.umh.es\/wp-content\/uploads\/sites\/186\/nggallery\/clausura-curso-academico-2019-2020\/UMH_223.jpg\"\n               data-thumbnail=\"https:\/\/protocolo.umh.es\/wp-content\/uploads\/sites\/186\/nggallery\/clausura-curso-academico-2019-2020\/thumbs\/thumbs_UMH_223.jpg\"\n               data-image-id=\"12705\"\n               data-title=\"UMH_223\"\n               data-description=\"\"\n               data-image-slug=\"umh_223\"\n               class=\"ngg-simplelightbox\" rel=\"c0738038302c756fe4891ce7a97b5eb9\">\n                <img\n                    title=\"UMH_223\"\n                    alt=\"UMH_223\"\n                    src=\"https:\/\/protocolo.umh.es\/wp-content\/uploads\/sites\/186\/nggallery\/clausura-curso-academico-2019-2020\/thumbs\/thumbs_UMH_223.jpg\"\n                    width=\"100\"\n                    height=\"75\"\n                    style=\"max-width:100%;\"\n                \/>\n            <\/a>\n        <\/div>\n\t\t\t\t\t\t\t<\/div> \n\t\t\t\n\t\t\t\t<div id=\"ngg-image-7\" class=\"ngg-gallery-thumbnail-box \" >\n\t\t\t\t        <div class=\"ngg-gallery-thumbnail\">\n            <a href=\"https:\/\/protocolo.umh.es\/wp-content\/uploads\/sites\/186\/nggallery\/clausura-curso-academico-2019-2020\/UMH_175.jpg\"\n               title=\"\"\n               data-src=\"https:\/\/protocolo.umh.es\/wp-content\/uploads\/sites\/186\/nggallery\/clausura-curso-academico-2019-2020\/UMH_175.jpg\"\n               data-thumbnail=\"https:\/\/protocolo.umh.es\/wp-content\/uploads\/sites\/186\/nggallery\/clausura-curso-academico-2019-2020\/thumbs\/thumbs_UMH_175.jpg\"\n               data-image-id=\"12633\"\n               data-title=\"UMH_175\"\n               data-description=\"\"\n               data-image-slug=\"umh_175\"\n               class=\"ngg-simplelightbox\" rel=\"c0738038302c756fe4891ce7a97b5eb9\">\n                <img\n                    title=\"UMH_175\"\n                    alt=\"UMH_175\"\n                    src=\"https:\/\/protocolo.umh.es\/wp-content\/uploads\/sites\/186\/nggallery\/clausura-curso-academico-2019-2020\/thumbs\/thumbs_UMH_175.jpg\"\n                    width=\"100\"\n                    height=\"75\"\n                    style=\"max-width:100%;\"\n                \/>\n            <\/a>\n        <\/div>\n\t\t\t\t\t\t\t<\/div> \n\t\t\t\n\t\t\t\t<div id=\"ngg-image-8\" class=\"ngg-gallery-thumbnail-box \" >\n\t\t\t\t        <div class=\"ngg-gallery-thumbnail\">\n            <a href=\"https:\/\/protocolo.umh.es\/wp-content\/uploads\/sites\/186\/nggallery\/clausura-curso-academico-2019-2020\/UMH_199.jpg\"\n               title=\"\"\n               data-src=\"https:\/\/protocolo.umh.es\/wp-content\/uploads\/sites\/186\/nggallery\/clausura-curso-academico-2019-2020\/UMH_199.jpg\"\n               data-thumbnail=\"https:\/\/protocolo.umh.es\/wp-content\/uploads\/sites\/186\/nggallery\/clausura-curso-academico-2019-2020\/thumbs\/thumbs_UMH_199.jpg\"\n               data-image-id=\"12671\"\n               data-title=\"UMH_199\"\n               data-description=\"\"\n               data-image-slug=\"umh_199\"\n               class=\"ngg-simplelightbox\" rel=\"c0738038302c756fe4891ce7a97b5eb9\">\n                <img\n                    title=\"UMH_199\"\n                    alt=\"UMH_199\"\n                    src=\"https:\/\/protocolo.umh.es\/wp-content\/uploads\/sites\/186\/nggallery\/clausura-curso-academico-2019-2020\/thumbs\/thumbs_UMH_199.jpg\"\n                    width=\"100\"\n                    height=\"75\"\n                    style=\"max-width:100%;\"\n                \/>\n            <\/a>\n        <\/div>\n\t\t\t\t\t\t\t<\/div> \n\t\t\t\n\t\t\t\t<div id=\"ngg-image-9\" class=\"ngg-gallery-thumbnail-box \" >\n\t\t\t\t        <div class=\"ngg-gallery-thumbnail\">\n            <a href=\"https:\/\/protocolo.umh.es\/wp-content\/uploads\/sites\/186\/nggallery\/clausura-curso-academico-2019-2020\/UMH_242.jpg\"\n               title=\"\"\n               data-src=\"https:\/\/protocolo.umh.es\/wp-content\/uploads\/sites\/186\/nggallery\/clausura-curso-academico-2019-2020\/UMH_242.jpg\"\n               data-thumbnail=\"https:\/\/protocolo.umh.es\/wp-content\/uploads\/sites\/186\/nggallery\/clausura-curso-academico-2019-2020\/thumbs\/thumbs_UMH_242.jpg\"\n               data-image-id=\"12744\"\n               data-title=\"UMH_242\"\n               data-description=\"\"\n               data-image-slug=\"umh_242\"\n               class=\"ngg-simplelightbox\" rel=\"c0738038302c756fe4891ce7a97b5eb9\">\n                <img\n                    title=\"UMH_242\"\n                    alt=\"UMH_242\"\n                    src=\"https:\/\/protocolo.umh.es\/wp-content\/uploads\/sites\/186\/nggallery\/clausura-curso-academico-2019-2020\/thumbs\/thumbs_UMH_242.jpg\"\n                    width=\"100\"\n                    height=\"75\"\n                    style=\"max-width:100%;\"\n                \/>\n            <\/a>\n        <\/div>\n\t\t\t\t\t\t\t<\/div> \n\t\t\t\n\t\t\t\t<div id=\"ngg-image-10\" class=\"ngg-gallery-thumbnail-box \" >\n\t\t\t\t        <div class=\"ngg-gallery-thumbnail\">\n            <a href=\"https:\/\/protocolo.umh.es\/wp-content\/uploads\/sites\/186\/nggallery\/clausura-curso-academico-2019-2020\/UMH_117.jpg\"\n               title=\"\"\n               data-src=\"https:\/\/protocolo.umh.es\/wp-content\/uploads\/sites\/186\/nggallery\/clausura-curso-academico-2019-2020\/UMH_117.jpg\"\n               data-thumbnail=\"https:\/\/protocolo.umh.es\/wp-content\/uploads\/sites\/186\/nggallery\/clausura-curso-academico-2019-2020\/thumbs\/thumbs_UMH_117.jpg\"\n               data-image-id=\"12563\"\n               data-title=\"UMH_117\"\n               data-description=\"\"\n               data-image-slug=\"umh_117\"\n               class=\"ngg-simplelightbox\" rel=\"c0738038302c756fe4891ce7a97b5eb9\">\n                <img\n                    title=\"UMH_117\"\n                    alt=\"UMH_117\"\n                    src=\"https:\/\/protocolo.umh.es\/wp-content\/uploads\/sites\/186\/nggallery\/clausura-curso-academico-2019-2020\/thumbs\/thumbs_UMH_117.jpg\"\n                    width=\"100\"\n                    height=\"75\"\n                    style=\"max-width:100%;\"\n                \/>\n            <\/a>\n        <\/div>\n\t\t\t\t\t\t\t<\/div> \n\t\t\t\n\t\t\t\t<div id=\"ngg-image-11\" class=\"ngg-gallery-thumbnail-box \" >\n\t\t\t\t        <div class=\"ngg-gallery-thumbnail\">\n            <a href=\"https:\/\/protocolo.umh.es\/wp-content\/uploads\/sites\/186\/nggallery\/clausura-curso-academico-2019-2020\/UMH_115.jpg\"\n               title=\"\"\n               data-src=\"https:\/\/protocolo.umh.es\/wp-content\/uploads\/sites\/186\/nggallery\/clausura-curso-academico-2019-2020\/UMH_115.jpg\"\n               data-thumbnail=\"https:\/\/protocolo.umh.es\/wp-content\/uploads\/sites\/186\/nggallery\/clausura-curso-academico-2019-2020\/thumbs\/thumbs_UMH_115.jpg\"\n               data-image-id=\"12560\"\n               data-title=\"UMH_115\"\n               data-description=\"\"\n               data-image-slug=\"umh_115\"\n               class=\"ngg-simplelightbox\" rel=\"c0738038302c756fe4891ce7a97b5eb9\">\n                <img\n                    title=\"UMH_115\"\n                    alt=\"UMH_115\"\n                    src=\"https:\/\/protocolo.umh.es\/wp-content\/uploads\/sites\/186\/nggallery\/clausura-curso-academico-2019-2020\/thumbs\/thumbs_UMH_115.jpg\"\n                    width=\"100\"\n                    height=\"75\"\n                    style=\"max-width:100%;\"\n                \/>\n            <\/a>\n        <\/div>\n\t\t\t\t\t\t\t<\/div> \n\t\t\t\n\t\t\t\t<div id=\"ngg-image-12\" class=\"ngg-gallery-thumbnail-box \" >\n\t\t\t\t        <div class=\"ngg-gallery-thumbnail\">\n            <a href=\"https:\/\/protocolo.umh.es\/wp-content\/uploads\/sites\/186\/nggallery\/clausura-curso-academico-2019-2020\/UMH_186.jpg\"\n               title=\"\"\n               data-src=\"https:\/\/protocolo.umh.es\/wp-content\/uploads\/sites\/186\/nggallery\/clausura-curso-academico-2019-2020\/UMH_186.jpg\"\n               data-thumbnail=\"https:\/\/protocolo.umh.es\/wp-content\/uploads\/sites\/186\/nggallery\/clausura-curso-academico-2019-2020\/thumbs\/thumbs_UMH_186.jpg\"\n               data-image-id=\"12653\"\n               data-title=\"UMH_186\"\n               data-description=\"\"\n               data-image-slug=\"umh_186\"\n               class=\"ngg-simplelightbox\" rel=\"c0738038302c756fe4891ce7a97b5eb9\">\n                <img\n                    title=\"UMH_186\"\n                    alt=\"UMH_186\"\n                    src=\"https:\/\/protocolo.umh.es\/wp-content\/uploads\/sites\/186\/nggallery\/clausura-curso-academico-2019-2020\/thumbs\/thumbs_UMH_186.jpg\"\n                    width=\"100\"\n                    height=\"75\"\n                    style=\"max-width:100%;\"\n                \/>\n            <\/a>\n        <\/div>\n\t\t\t\t\t\t\t<\/div> \n\t\t\t\n\t\t\t\t<div id=\"ngg-image-13\" class=\"ngg-gallery-thumbnail-box \" >\n\t\t\t\t        <div class=\"ngg-gallery-thumbnail\">\n            <a href=\"https:\/\/protocolo.umh.es\/wp-content\/uploads\/sites\/186\/nggallery\/clausura-curso-academico-2019-2020\/UMH_255.jpg\"\n               title=\"\"\n               data-src=\"https:\/\/protocolo.umh.es\/wp-content\/uploads\/sites\/186\/nggallery\/clausura-curso-academico-2019-2020\/UMH_255.jpg\"\n               data-thumbnail=\"https:\/\/protocolo.umh.es\/wp-content\/uploads\/sites\/186\/nggallery\/clausura-curso-academico-2019-2020\/thumbs\/thumbs_UMH_255.jpg\"\n               data-image-id=\"12750\"\n               data-title=\"UMH_255\"\n               data-description=\"\"\n               data-image-slug=\"umh_255\"\n               class=\"ngg-simplelightbox\" rel=\"c0738038302c756fe4891ce7a97b5eb9\">\n                <img\n                    title=\"UMH_255\"\n                    alt=\"UMH_255\"\n                    src=\"https:\/\/protocolo.umh.es\/wp-content\/uploads\/sites\/186\/nggallery\/clausura-curso-academico-2019-2020\/thumbs\/thumbs_UMH_255.jpg\"\n                    width=\"100\"\n                    height=\"75\"\n                    style=\"max-width:100%;\"\n                \/>\n            <\/a>\n        <\/div>\n\t\t\t\t\t\t\t<\/div> \n\t\t\t\n\t\t\t\t<div id=\"ngg-image-14\" class=\"ngg-gallery-thumbnail-box \" >\n\t\t\t\t        <div class=\"ngg-gallery-thumbnail\">\n            <a href=\"https:\/\/protocolo.umh.es\/wp-content\/uploads\/sites\/186\/nggallery\/clausura-curso-academico-2019-2020\/UMH_162.jpg\"\n               title=\"\"\n               data-src=\"https:\/\/protocolo.umh.es\/wp-content\/uploads\/sites\/186\/nggallery\/clausura-curso-academico-2019-2020\/UMH_162.jpg\"\n               data-thumbnail=\"https:\/\/protocolo.umh.es\/wp-content\/uploads\/sites\/186\/nggallery\/clausura-curso-academico-2019-2020\/thumbs\/thumbs_UMH_162.jpg\"\n               data-image-id=\"12615\"\n               data-title=\"UMH_162\"\n               data-description=\"\"\n               data-image-slug=\"umh_162\"\n               class=\"ngg-simplelightbox\" rel=\"c0738038302c756fe4891ce7a97b5eb9\">\n                <img\n                    title=\"UMH_162\"\n                    alt=\"UMH_162\"\n                    src=\"https:\/\/protocolo.umh.es\/wp-content\/uploads\/sites\/186\/nggallery\/clausura-curso-academico-2019-2020\/thumbs\/thumbs_UMH_162.jpg\"\n                    width=\"100\"\n                    height=\"75\"\n                    style=\"max-width:100%;\"\n                \/>\n            <\/a>\n        <\/div>\n\t\t\t\t\t\t\t<\/div> \n\t\t\t\n\t\t\t\t<div id=\"ngg-image-15\" class=\"ngg-gallery-thumbnail-box \" >\n\t\t\t\t        <div class=\"ngg-gallery-thumbnail\">\n            <a href=\"https:\/\/protocolo.umh.es\/wp-content\/uploads\/sites\/186\/nggallery\/clausura-curso-academico-2019-2020\/UMH_178.jpg\"\n               title=\"\"\n               data-src=\"https:\/\/protocolo.umh.es\/wp-content\/uploads\/sites\/186\/nggallery\/clausura-curso-academico-2019-2020\/UMH_178.jpg\"\n               data-thumbnail=\"https:\/\/protocolo.umh.es\/wp-content\/uploads\/sites\/186\/nggallery\/clausura-curso-academico-2019-2020\/thumbs\/thumbs_UMH_178.jpg\"\n               data-image-id=\"12636\"\n               data-title=\"UMH_178\"\n               data-description=\"\"\n               data-image-slug=\"umh_178\"\n               class=\"ngg-simplelightbox\" rel=\"c0738038302c756fe4891ce7a97b5eb9\">\n                <img\n                    title=\"UMH_178\"\n                    alt=\"UMH_178\"\n                    src=\"https:\/\/protocolo.umh.es\/wp-content\/uploads\/sites\/186\/nggallery\/clausura-curso-academico-2019-2020\/thumbs\/thumbs_UMH_178.jpg\"\n                    width=\"100\"\n                    height=\"75\"\n                    style=\"max-width:100%;\"\n                \/>\n            <\/a>\n        <\/div>\n\t\t\t\t\t\t\t<\/div> \n\t\t\t\n\t\t\t\t<div id=\"ngg-image-16\" class=\"ngg-gallery-thumbnail-box \" >\n\t\t\t\t        <div class=\"ngg-gallery-thumbnail\">\n            <a href=\"https:\/\/protocolo.umh.es\/wp-content\/uploads\/sites\/186\/nggallery\/clausura-curso-academico-2019-2020\/UMH_200.jpg\"\n               title=\"\"\n               data-src=\"https:\/\/protocolo.umh.es\/wp-content\/uploads\/sites\/186\/nggallery\/clausura-curso-academico-2019-2020\/UMH_200.jpg\"\n               data-thumbnail=\"https:\/\/protocolo.umh.es\/wp-content\/uploads\/sites\/186\/nggallery\/clausura-curso-academico-2019-2020\/thumbs\/thumbs_UMH_200.jpg\"\n               data-image-id=\"12674\"\n               data-title=\"UMH_200\"\n               data-description=\"\"\n               data-image-slug=\"umh_200\"\n               class=\"ngg-simplelightbox\" rel=\"c0738038302c756fe4891ce7a97b5eb9\">\n                <img\n                    title=\"UMH_200\"\n                    alt=\"UMH_200\"\n                    src=\"https:\/\/protocolo.umh.es\/wp-content\/uploads\/sites\/186\/nggallery\/clausura-curso-academico-2019-2020\/thumbs\/thumbs_UMH_200.jpg\"\n                    width=\"100\"\n                    height=\"75\"\n                    style=\"max-width:100%;\"\n                \/>\n            <\/a>\n        <\/div>\n\t\t\t\t\t\t\t<\/div> \n\t\t\t\n\t\t\t\t<div id=\"ngg-image-17\" class=\"ngg-gallery-thumbnail-box \" >\n\t\t\t\t        <div class=\"ngg-gallery-thumbnail\">\n            <a href=\"https:\/\/protocolo.umh.es\/wp-content\/uploads\/sites\/186\/nggallery\/clausura-curso-academico-2019-2020\/UMH_248.jpg\"\n               title=\"\"\n               data-src=\"https:\/\/protocolo.umh.es\/wp-content\/uploads\/sites\/186\/nggallery\/clausura-curso-academico-2019-2020\/UMH_248.jpg\"\n               data-thumbnail=\"https:\/\/protocolo.umh.es\/wp-content\/uploads\/sites\/186\/nggallery\/clausura-curso-academico-2019-2020\/thumbs\/thumbs_UMH_248.jpg\"\n               data-image-id=\"12747\"\n               data-title=\"UMH_248\"\n               data-description=\"\"\n               data-image-slug=\"umh_248\"\n               class=\"ngg-simplelightbox\" rel=\"c0738038302c756fe4891ce7a97b5eb9\">\n                <img\n                    title=\"UMH_248\"\n                    alt=\"UMH_248\"\n                    src=\"https:\/\/protocolo.umh.es\/wp-content\/uploads\/sites\/186\/nggallery\/clausura-curso-academico-2019-2020\/thumbs\/thumbs_UMH_248.jpg\"\n                    width=\"100\"\n                    height=\"75\"\n                    style=\"max-width:100%;\"\n                \/>\n            <\/a>\n        <\/div>\n\t\t\t\t\t\t\t<\/div> \n\t\t\t\n\t\t\t\t<div id=\"ngg-image-18\" class=\"ngg-gallery-thumbnail-box \" >\n\t\t\t\t        <div class=\"ngg-gallery-thumbnail\">\n            <a href=\"https:\/\/protocolo.umh.es\/wp-content\/uploads\/sites\/186\/nggallery\/clausura-curso-academico-2019-2020\/UMH_92.jpg\"\n               title=\"\"\n               data-src=\"https:\/\/protocolo.umh.es\/wp-content\/uploads\/sites\/186\/nggallery\/clausura-curso-academico-2019-2020\/UMH_92.jpg\"\n               data-thumbnail=\"https:\/\/protocolo.umh.es\/wp-content\/uploads\/sites\/186\/nggallery\/clausura-curso-academico-2019-2020\/thumbs\/thumbs_UMH_92.jpg\"\n               data-image-id=\"12549\"\n               data-title=\"UMH_92\"\n               data-description=\"\"\n               data-image-slug=\"umh_92\"\n               class=\"ngg-simplelightbox\" rel=\"c0738038302c756fe4891ce7a97b5eb9\">\n                <img\n                    title=\"UMH_92\"\n                    alt=\"UMH_92\"\n                    src=\"https:\/\/protocolo.umh.es\/wp-content\/uploads\/sites\/186\/nggallery\/clausura-curso-academico-2019-2020\/thumbs\/thumbs_UMH_92.jpg\"\n                    width=\"100\"\n                    height=\"75\"\n                    style=\"max-width:100%;\"\n                \/>\n            <\/a>\n        <\/div>\n\t\t\t\t\t\t\t<\/div> \n\t\t\t\n\t\t\t\t<div id=\"ngg-image-19\" class=\"ngg-gallery-thumbnail-box \" >\n\t\t\t\t        <div class=\"ngg-gallery-thumbnail\">\n            <a href=\"https:\/\/protocolo.umh.es\/wp-content\/uploads\/sites\/186\/nggallery\/clausura-curso-academico-2019-2020\/UMH_88.jpg\"\n               title=\"\"\n               data-src=\"https:\/\/protocolo.umh.es\/wp-content\/uploads\/sites\/186\/nggallery\/clausura-curso-academico-2019-2020\/UMH_88.jpg\"\n               data-thumbnail=\"https:\/\/protocolo.umh.es\/wp-content\/uploads\/sites\/186\/nggallery\/clausura-curso-academico-2019-2020\/thumbs\/thumbs_UMH_88.jpg\"\n               data-image-id=\"12548\"\n               data-title=\"UMH_88\"\n               data-description=\"\"\n               data-image-slug=\"umh_88\"\n               class=\"ngg-simplelightbox\" rel=\"c0738038302c756fe4891ce7a97b5eb9\">\n                <img\n                    title=\"UMH_88\"\n                    alt=\"UMH_88\"\n                    src=\"https:\/\/protocolo.umh.es\/wp-content\/uploads\/sites\/186\/nggallery\/clausura-curso-academico-2019-2020\/thumbs\/thumbs_UMH_88.jpg\"\n                    width=\"100\"\n                    height=\"75\"\n                    style=\"max-width:100%;\"\n                \/>\n            <\/a>\n        <\/div>\n\t\t\t\t\t\t\t<\/div> \n\t\t\t\n\t\t\t\t<div id=\"ngg-image-20\" class=\"ngg-gallery-thumbnail-box \" >\n\t\t\t\t        <div class=\"ngg-gallery-thumbnail\">\n            <a href=\"https:\/\/protocolo.umh.es\/wp-content\/uploads\/sites\/186\/nggallery\/clausura-curso-academico-2019-2020\/UMH_187.jpg\"\n               title=\"\"\n               data-src=\"https:\/\/protocolo.umh.es\/wp-content\/uploads\/sites\/186\/nggallery\/clausura-curso-academico-2019-2020\/UMH_187.jpg\"\n               data-thumbnail=\"https:\/\/protocolo.umh.es\/wp-content\/uploads\/sites\/186\/nggallery\/clausura-curso-academico-2019-2020\/thumbs\/thumbs_UMH_187.jpg\"\n               data-image-id=\"12654\"\n               data-title=\"UMH_187\"\n               data-description=\"\"\n               data-image-slug=\"umh_187\"\n               class=\"ngg-simplelightbox\" rel=\"c0738038302c756fe4891ce7a97b5eb9\">\n                <img\n                    title=\"UMH_187\"\n                    alt=\"UMH_187\"\n                    src=\"https:\/\/protocolo.umh.es\/wp-content\/uploads\/sites\/186\/nggallery\/clausura-curso-academico-2019-2020\/thumbs\/thumbs_UMH_187.jpg\"\n                    width=\"100\"\n                    height=\"75\"\n                    style=\"max-width:100%;\"\n                \/>\n            <\/a>\n        <\/div>\n\t\t\t\t\t\t\t<\/div> \n\t\t\t\n\t\t\t\t<div id=\"ngg-image-21\" class=\"ngg-gallery-thumbnail-box \" >\n\t\t\t\t        <div class=\"ngg-gallery-thumbnail\">\n            <a href=\"https:\/\/protocolo.umh.es\/wp-content\/uploads\/sites\/186\/nggallery\/clausura-curso-academico-2019-2020\/UMH_230.jpg\"\n               title=\"\"\n               data-src=\"https:\/\/protocolo.umh.es\/wp-content\/uploads\/sites\/186\/nggallery\/clausura-curso-academico-2019-2020\/UMH_230.jpg\"\n               data-thumbnail=\"https:\/\/protocolo.umh.es\/wp-content\/uploads\/sites\/186\/nggallery\/clausura-curso-academico-2019-2020\/thumbs\/thumbs_UMH_230.jpg\"\n               data-image-id=\"12723\"\n               data-title=\"UMH_230\"\n               data-description=\"\"\n               data-image-slug=\"umh_230\"\n               class=\"ngg-simplelightbox\" rel=\"c0738038302c756fe4891ce7a97b5eb9\">\n                <img\n                    title=\"UMH_230\"\n                    alt=\"UMH_230\"\n                    src=\"https:\/\/protocolo.umh.es\/wp-content\/uploads\/sites\/186\/nggallery\/clausura-curso-academico-2019-2020\/thumbs\/thumbs_UMH_230.jpg\"\n                    width=\"100\"\n                    height=\"75\"\n                    style=\"max-width:100%;\"\n                \/>\n            <\/a>\n        <\/div>\n\t\t\t\t\t\t\t<\/div> \n\t\t\t\n\t\t\t\t<div id=\"ngg-image-22\" class=\"ngg-gallery-thumbnail-box \" >\n\t\t\t\t        <div class=\"ngg-gallery-thumbnail\">\n            <a href=\"https:\/\/protocolo.umh.es\/wp-content\/uploads\/sites\/186\/nggallery\/clausura-curso-academico-2019-2020\/UMH_163.jpg\"\n               title=\"\"\n               data-src=\"https:\/\/protocolo.umh.es\/wp-content\/uploads\/sites\/186\/nggallery\/clausura-curso-academico-2019-2020\/UMH_163.jpg\"\n               data-thumbnail=\"https:\/\/protocolo.umh.es\/wp-content\/uploads\/sites\/186\/nggallery\/clausura-curso-academico-2019-2020\/thumbs\/thumbs_UMH_163.jpg\"\n               data-image-id=\"12617\"\n               data-title=\"UMH_163\"\n               data-description=\"\"\n               data-image-slug=\"umh_163\"\n               class=\"ngg-simplelightbox\" rel=\"c0738038302c756fe4891ce7a97b5eb9\">\n                <img\n                    title=\"UMH_163\"\n                    alt=\"UMH_163\"\n                    src=\"https:\/\/protocolo.umh.es\/wp-content\/uploads\/sites\/186\/nggallery\/clausura-curso-academico-2019-2020\/thumbs\/thumbs_UMH_163.jpg\"\n                    width=\"100\"\n                    height=\"75\"\n                    style=\"max-width:100%;\"\n                \/>\n            <\/a>\n        <\/div>\n\t\t\t\t\t\t\t<\/div> \n\t\t\t\n\t\t\t\t<div id=\"ngg-image-23\" class=\"ngg-gallery-thumbnail-box \" >\n\t\t\t\t        <div class=\"ngg-gallery-thumbnail\">\n            <a href=\"https:\/\/protocolo.umh.es\/wp-content\/uploads\/sites\/186\/nggallery\/clausura-curso-academico-2019-2020\/UMH_222.jpg\"\n               title=\"\"\n               data-src=\"https:\/\/protocolo.umh.es\/wp-content\/uploads\/sites\/186\/nggallery\/clausura-curso-academico-2019-2020\/UMH_222.jpg\"\n               data-thumbnail=\"https:\/\/protocolo.umh.es\/wp-content\/uploads\/sites\/186\/nggallery\/clausura-curso-academico-2019-2020\/thumbs\/thumbs_UMH_222.jpg\"\n               data-image-id=\"12704\"\n               data-title=\"UMH_222\"\n               data-description=\"\"\n               data-image-slug=\"umh_222\"\n               class=\"ngg-simplelightbox\" rel=\"c0738038302c756fe4891ce7a97b5eb9\">\n                <img\n                    title=\"UMH_222\"\n                    alt=\"UMH_222\"\n                    src=\"https:\/\/protocolo.umh.es\/wp-content\/uploads\/sites\/186\/nggallery\/clausura-curso-academico-2019-2020\/thumbs\/thumbs_UMH_222.jpg\"\n                    width=\"100\"\n                    height=\"75\"\n                    style=\"max-width:100%;\"\n                \/>\n            <\/a>\n        <\/div>\n\t\t\t\t\t\t\t<\/div> \n\t\t\t\n\t\n\t<br style=\"clear: both\" \/>\n\n\t\n\t\t<!-- Pagination -->\n\t<div class='ngg-navigation'><span class='current'>1<\/span>\n<a class='page-numbers' data-pageid='2' href='https:\/\/protocolo.umh.es\/en\/2020\/07\/28\/clausura-del-curso-academico-2019-2020\/nggallery\/page\/2'>2<\/a>\n<span class='ellipsis'>...<\/span>\n<a class='page-numbers' data-pageid='5' href='https:\/\/protocolo.umh.es\/en\/2020\/07\/28\/clausura-del-curso-academico-2019-2020\/nggallery\/page\/5'>5<\/a>\n<a class='prev' href='https:\/\/protocolo.umh.es\/en\/2020\/07\/28\/clausura-del-curso-academico-2019-2020\/nggallery\/page\/2' data-pageid=2>&#9658;<\/a><\/div>\t<\/div>\n\n<p>&nbsp;<\/p>\n<p>&nbsp;<\/p>\n<p>&nbsp;<\/p>","protected":false},"excerpt":{"rendered":"<p>The rector of the Universidad Miguel Hern\u00e1ndez (UMH) in Elche, Juan Jos\u00e9 Ruiz Mart\u00ednez, officially closed the 2019\/2020 academic year this morning. During the ceremony, the 2019 Extraordinary Degree Awards were presented, as well as those for Innova-Emprende, EmprendeWeekend and Mentoring.<br \/>\nThe ceremony was chaired, in addition to the rector, by the president of the Social [&#8230;]<\/p>\n","protected":false},"author":3047,"featured_media":0,"comment_status":"closed","ping_status":"open","sticky":false,"template":"","format":"standard","meta":{"ngg_post_thumbnail":0,"_links_to":"","_links_to_target":""},"categories":[46885],"tags":[],"_links":{"self":[{"href":"https:\/\/protocolo.umh.es\/en\/wp-json\/wp\/v2\/posts\/22145"}],"collection":[{"href":"https:\/\/protocolo.umh.es\/en\/wp-json\/wp\/v2\/posts"}],"about":[{"href":"https:\/\/protocolo.umh.es\/en\/wp-json\/wp\/v2\/types\/post"}],"author":[{"embeddable":true,"href":"https:\/\/protocolo.umh.es\/en\/wp-json\/wp\/v2\/users\/3047"}],"replies":[{"embeddable":true,"href":"https:\/\/protocolo.umh.es\/en\/wp-json\/wp\/v2\/comments?post=22145"}],"version-history":[{"count":0,"href":"https:\/\/protocolo.umh.es\/en\/wp-json\/wp\/v2\/posts\/22145\/revisions"}],"wp:attachment":[{"href":"https:\/\/protocolo.umh.es\/en\/wp-json\/wp\/v2\/media?parent=22145"}],"wp:term":[{"taxonomy":"category","embeddable":true,"href":"https:\/\/protocolo.umh.es\/en\/wp-json\/wp\/v2\/categories?post=22145"},{"taxonomy":"post_tag","embeddable":true,"href":"https:\/\/protocolo.umh.es\/en\/wp-json\/wp\/v2\/tags?post=22145"}],"curies":[{"name":"wp","href":"https:\/\/api.w.org\/{rel}","templated":true}]}}