{"id":18710,"date":"2019-03-11T13:20:05","date_gmt":"2019-03-11T12:20:05","guid":{"rendered":"https:\/\/protocolo.umh.es\/?p=18710"},"modified":"2026-03-04T09:51:16","modified_gmt":"2026-03-04T08:51:16","slug":"iii-jornada-la-ciencia-tiene-nombre-de-mujer-con-motivo-del-8-de-marzo","status":"publish","type":"post","link":"https:\/\/protocolo.umh.es\/en\/2019\/03\/11\/iii-jornada-la-ciencia-tiene-nombre-de-mujer-con-motivo-del-8-de-marzo\/","title":{"rendered":"&#8221;Third Day Science has a woman&#8217;s name&#8221; on the occasion of March 8"},"content":{"rendered":"<p>The rector of the Miguel Hern\u00e1ndez University (UMH) of Elche, Jes\u00fas Pastor Ciurana, and the director of the University&#8217;s Equality Unit, Mar\u00eda Jos\u00e9 Alarc\u00f3n, inaugurated this morning the \u201cIII Conference on Science Has a Woman&#8217;s Name\u201d with the reading of the 8M Manifesto. The academic from the Royal Academy of Engineering and Honorary Doctor from the UMH Nuria Oliver and the researcher from the Catalan Institute of Nanoscience and Nanotechnology M\u00f3nica Lira Cantu participated in this event.<\/p>\n<p>Also speaking during this day were the vice-rector for Research and Innovation of the UMH, Manuel Jord\u00e1n Vidal; the director of the UMH Bioengineering Institute, \u00c1ngela Sastre; the director of the UMH Gender Studies Research Center, Juana Aznar M\u00e1rquez, and the director of the Higher Polytechnic School of Elche (EPSE), Miguel \u00c1ngel de la Casa Lillo. The vice-rector for Culture and University Extension, Tatiana Sentamans, also attended the event.<\/p>\n<p>Likewise, during this activity, the Algo Contigo Theater Company has performed the play &#8220;A Fearful Girl. Fragments.&#8221;<\/p>\n<p>Consult the <a href=\"https:\/\/comunicacion.umh.es\/files\/2019\/03\/11-03-19-comunicado-d%C3%ADa-mujer-copia.pdf\">manifesto.<\/a><\/p>\n<p><a href=\"https:\/\/comunicacion.umh.es\/files\/2019\/03\/1.jpg\"><img loading=\"lazy\" class=\" wp-image-121970 alignleft\" src=\"https:\/\/comunicacion.umh.es\/files\/2019\/03\/ppal-4-300x181.jpg\" alt=\"\" width=\"386\" height=\"233\" \/><img loading=\"lazy\" class=\" wp-image-121973 alignleft\" src=\"https:\/\/comunicacion.umh.es\/files\/2019\/03\/1-300x208.jpg\" alt=\"\" width=\"334\" height=\"231\" \/><\/a><\/p>","protected":false},"excerpt":{"rendered":"<p>The rector of the Miguel Hern\u00e1ndez University (UMH) of Elche, Jes\u00fas Pastor Ciurana, and the director of the University&#8217;s Equality Unit, Mar\u00eda Jos\u00e9 Alarc\u00f3n, inaugurated this morning the \u201cIII Conference on Science Has a Woman&#8217;s Name\u201d with the reading of the 8M Manifesto. The academic from the Royal Academy of Engineering and Honorary Doctor from [&#8230;]<\/p>\n","protected":false},"author":3047,"featured_media":0,"comment_status":"closed","ping_status":"open","sticky":false,"template":"","format":"standard","meta":{"ngg_post_thumbnail":0,"_links_to":"","_links_to_target":""},"categories":[3102,2898,647],"tags":[],"_links":{"self":[{"href":"https:\/\/protocolo.umh.es\/en\/wp-json\/wp\/v2\/posts\/18710"}],"collection":[{"href":"https:\/\/protocolo.umh.es\/en\/wp-json\/wp\/v2\/posts"}],"about":[{"href":"https:\/\/protocolo.umh.es\/en\/wp-json\/wp\/v2\/types\/post"}],"author":[{"embeddable":true,"href":"https:\/\/protocolo.umh.es\/en\/wp-json\/wp\/v2\/users\/3047"}],"replies":[{"embeddable":true,"href":"https:\/\/protocolo.umh.es\/en\/wp-json\/wp\/v2\/comments?post=18710"}],"version-history":[{"count":0,"href":"https:\/\/protocolo.umh.es\/en\/wp-json\/wp\/v2\/posts\/18710\/revisions"}],"wp:attachment":[{"href":"https:\/\/protocolo.umh.es\/en\/wp-json\/wp\/v2\/media?parent=18710"}],"wp:term":[{"taxonomy":"category","embeddable":true,"href":"https:\/\/protocolo.umh.es\/en\/wp-json\/wp\/v2\/categories?post=18710"},{"taxonomy":"post_tag","embeddable":true,"href":"https:\/\/protocolo.umh.es\/en\/wp-json\/wp\/v2\/tags?post=18710"}],"curies":[{"name":"wp","href":"https:\/\/api.w.org\/{rel}","templated":true}]}}