{"id":18704,"date":"2019-03-11T13:10:04","date_gmt":"2019-03-11T12:10:04","guid":{"rendered":"https:\/\/protocolo.umh.es\/?p=18704"},"modified":"2026-02-27T12:24:25","modified_gmt":"2026-02-27T11:24:25","slug":"los-hermanos-huedo-diaz-donan-una-coleccion-de-unas-5-000-fotografias-sobre-el-misteri-delx-a-la-catedra-pedro-ibarra","status":"publish","type":"post","link":"https:\/\/protocolo.umh.es\/en\/2019\/03\/11\/los-hermanos-huedo-diaz-donan-una-coleccion-de-unas-5-000-fotografias-sobre-el-misteri-delx-a-la-catedra-pedro-ibarra\/","title":{"rendered":"The Huedo D\u00edaz brothers donate a collection of some 5,000 photographs about the Misteri d\u2019Elx to the Pedro Ibarra Chair"},"content":{"rendered":"<p><\/p>\n<p style=\"text-align: justify\">Fernando Huedo D\u00edaz and Juan Huedo D\u00edaz have donated approximately 5,000 photographs of the Misteri d\u2019Elx to the Pedro Ibarra Institutional Chair at the Miguel Hern\u00e1ndez University (UMH) of Elche. The event was attended by the Rector of the UMH, Jes\u00fas Pastor Ciurana, the University&#8217;s General Secretary, Mercedes S\u00e1nchez Castillo, and the Director of the Pedro Ibarra Chair, Miguel Ors Montenegro.<\/p>\n<p style=\"text-align: justify\"><a href=\"https:\/\/comunicacion.umh.es\/files\/2019\/03\/07-03-19-cesion-imagenes-catedra.jpg\"><img loading=\"lazy\" class=\"size-medium wp-image-121883 alignleft\" src=\"https:\/\/comunicacion.umh.es\/files\/2019\/03\/07-03-19-cesion-imagenes-catedra-300x245.jpg\" alt=\"\" width=\"300\" height=\"245\" \/><\/a>Specifically, the Huedo D\u00edaz brothers have donated a collection of digitized images, valued at \u20ac15,000. These photographs, taken by Fernando and Juan, were taken between 2003 and 2018. The donated items will become part of the University&#8217;s heritage.<\/p>\n<p><\/p>","protected":false},"excerpt":{"rendered":"<p>Fernando Huedo D\u00edaz and Juan Huedo D\u00edaz have donated approximately 5,000 photographs of the Misteri d\u2019Elx to the Pedro Ibarra Institutional Chair at the Miguel Hern\u00e1ndez University (UMH) of Elche. The event was attended by the Rector of the UMH, Jes\u00fas Pastor Ciurana, the University&#8217;s General Secretary, Mercedes S\u00e1nchez Castillo, and the Director of the [&#8230;]<\/p>\n","protected":false},"author":3047,"featured_media":0,"comment_status":"closed","ping_status":"open","sticky":false,"template":"","format":"standard","meta":{"ngg_post_thumbnail":0,"_links_to":"","_links_to_target":""},"categories":[3570,2898],"tags":[],"_links":{"self":[{"href":"https:\/\/protocolo.umh.es\/en\/wp-json\/wp\/v2\/posts\/18704"}],"collection":[{"href":"https:\/\/protocolo.umh.es\/en\/wp-json\/wp\/v2\/posts"}],"about":[{"href":"https:\/\/protocolo.umh.es\/en\/wp-json\/wp\/v2\/types\/post"}],"author":[{"embeddable":true,"href":"https:\/\/protocolo.umh.es\/en\/wp-json\/wp\/v2\/users\/3047"}],"replies":[{"embeddable":true,"href":"https:\/\/protocolo.umh.es\/en\/wp-json\/wp\/v2\/comments?post=18704"}],"version-history":[{"count":0,"href":"https:\/\/protocolo.umh.es\/en\/wp-json\/wp\/v2\/posts\/18704\/revisions"}],"wp:attachment":[{"href":"https:\/\/protocolo.umh.es\/en\/wp-json\/wp\/v2\/media?parent=18704"}],"wp:term":[{"taxonomy":"category","embeddable":true,"href":"https:\/\/protocolo.umh.es\/en\/wp-json\/wp\/v2\/categories?post=18704"},{"taxonomy":"post_tag","embeddable":true,"href":"https:\/\/protocolo.umh.es\/en\/wp-json\/wp\/v2\/tags?post=18704"}],"curies":[{"name":"wp","href":"https:\/\/api.w.org\/{rel}","templated":true}]}}