{"id":16772,"date":"2019-01-21T09:30:42","date_gmt":"2019-01-21T08:30:42","guid":{"rendered":"https:\/\/protocolo.umh.es\/?p=16772"},"modified":"2026-02-27T12:28:06","modified_gmt":"2026-02-27T11:28:06","slug":"la-umh-y-la-fundacion-para-la-adherencia-al-tratamiento-crean-la-primera-catedra-de-adherencia-al-tratamiento-de-espana","status":"publish","type":"post","link":"https:\/\/protocolo.umh.es\/en\/2019\/01\/21\/la-umh-y-la-fundacion-para-la-adherencia-al-tratamiento-crean-la-primera-catedra-de-adherencia-al-tratamiento-de-espana\/","title":{"rendered":"The UMH and the Foundation for Treatment Adherence create the first \u201cChair of Treatment Adherence\u201d in Spain."},"content":{"rendered":"<p><\/p>\n<p style=\"text-align: justify\">The Rector of the Miguel Hern\u00e1ndez University (UMH) of Elche, Jes\u00fas Pastor Ciurana, and the Vice President of the Foundation for Treatment Adherence (FUNDOAT-Grupo OAT), Jos\u00e9 Luis Casteig Ayestar\u00e1n, signed an agreement this morning to create the &#8220;Chair of Treatment Adherence,&#8221; the first of its kind in Spain. With the creation of this Chair, both entities aim to improve the understanding and management of treatment adherence within the healthcare sector for various healthcare professionals and patients. Specifically, they seek to optimize treatment monitoring for chronic patients in primary care.<\/p>\n<p style=\"text-align: justify\"><a href=\"https:\/\/comunicacion.umh.es\/files\/2018\/12\/ppal-3.jpg\"><img loading=\"lazy\" class=\"size-medium wp-image-118883 alignleft\" src=\"https:\/\/comunicacion.umh.es\/files\/2018\/12\/ppal-3-300x200.jpg\" alt=\"\" width=\"300\" height=\"200\" \/><\/a><\/p>\n<p>The director of this Chair will be Professor Ernesto Cort\u00e9s Castell of the Department of Pharmacology, Pediatrics, and Organic Chemistry at the Miguel Hern\u00e1ndez University of Elche (UMH). Also present at the signing of this agreement were the Vice-Rector for Research and Innovation at the UMH, Manuel Jord\u00e1n, and members of the Chair&#8217;s Advisory Board: Jes\u00fas D\u00edaz, Carmen Vald\u00e9s, and Mercedes Rizo.<\/p>\n<p>The general objectives of the &#8220;Chair of Treatment Adherence&#8221; are training, research, development, and knowledge transfer in the field of adherence to medical treatments in primary and hospital care, through the implementation of corresponding training activities, research, and the organization of seminars, conferences, and other outreach activities.<\/p>\n<p>&nbsp;<\/p>","protected":false},"excerpt":{"rendered":"<p>The Rector of the Miguel Hern\u00e1ndez University (UMH) of Elche, Jes\u00fas Pastor Ciurana, and the Vice President of the Foundation for Treatment Adherence (FUNDOAT-Grupo OAT), Jos\u00e9 Luis Casteig Ayestar\u00e1n, signed an agreement this morning to create the &#8220;Chair of Treatment Adherence,&#8221; the first of its kind in Spain. With the creation of this Chair, both [&#8230;]<\/p>\n","protected":false},"author":3047,"featured_media":0,"comment_status":"closed","ping_status":"open","sticky":false,"template":"","format":"standard","meta":{"ngg_post_thumbnail":0,"_links_to":"","_links_to_target":""},"categories":[3570],"tags":[],"_links":{"self":[{"href":"https:\/\/protocolo.umh.es\/en\/wp-json\/wp\/v2\/posts\/16772"}],"collection":[{"href":"https:\/\/protocolo.umh.es\/en\/wp-json\/wp\/v2\/posts"}],"about":[{"href":"https:\/\/protocolo.umh.es\/en\/wp-json\/wp\/v2\/types\/post"}],"author":[{"embeddable":true,"href":"https:\/\/protocolo.umh.es\/en\/wp-json\/wp\/v2\/users\/3047"}],"replies":[{"embeddable":true,"href":"https:\/\/protocolo.umh.es\/en\/wp-json\/wp\/v2\/comments?post=16772"}],"version-history":[{"count":0,"href":"https:\/\/protocolo.umh.es\/en\/wp-json\/wp\/v2\/posts\/16772\/revisions"}],"wp:attachment":[{"href":"https:\/\/protocolo.umh.es\/en\/wp-json\/wp\/v2\/media?parent=16772"}],"wp:term":[{"taxonomy":"category","embeddable":true,"href":"https:\/\/protocolo.umh.es\/en\/wp-json\/wp\/v2\/categories?post=16772"},{"taxonomy":"post_tag","embeddable":true,"href":"https:\/\/protocolo.umh.es\/en\/wp-json\/wp\/v2\/tags?post=16772"}],"curies":[{"name":"wp","href":"https:\/\/api.w.org\/{rel}","templated":true}]}}