{"id":15680,"date":"2018-11-08T11:29:23","date_gmt":"2018-11-08T10:29:23","guid":{"rendered":"http:\/\/protocolo.umh.es\/?p=15680"},"modified":"2018-11-16T11:50:11","modified_gmt":"2018-11-16T10:50:11","slug":"la-umh-se-suma-a-los-actos-para-respaldar-la-candidatura-de-la-palmera-imperial-como-arbol-europeo-del-ano-2019","status":"publish","type":"post","link":"https:\/\/protocolo.umh.es\/en\/2018\/11\/08\/la-umh-se-suma-a-los-actos-para-respaldar-la-candidatura-de-la-palmera-imperial-como-arbol-europeo-del-ano-2019\/","title":{"rendered":"<span lang=\"es\">(Espa\u00f1ol) La UMH se suma a los actos para respaldar la candidatura de la Palmera Imperial como \u00c1rbol Europeo del a\u00f1o 2019<\/span>"},"content":{"rendered":"<p class=\"qtranxs-available-languages-message qtranxs-available-languages-message-en\">Sorry, this entry is only available in <a href=\"https:\/\/protocolo.umh.es\/es\/wp-json\/wp\/v2\/posts\/15680\" class=\"qtranxs-available-language-link qtranxs-available-language-link-es\" title=\"Espa\u00f1ol\">European Spanish<\/a>.<\/p>","protected":false},"excerpt":{"rendered":"<p>Sorry, this entry is only available in European Spanish.<\/p>\n","protected":false},"author":3575,"featured_media":0,"comment_status":"closed","ping_status":"open","sticky":false,"template":"","format":"standard","meta":{"ngg_post_thumbnail":0,"_links_to":"","_links_to_target":""},"categories":[4616,2898],"tags":[53348],"_links":{"self":[{"href":"https:\/\/protocolo.umh.es\/en\/wp-json\/wp\/v2\/posts\/15680"}],"collection":[{"href":"https:\/\/protocolo.umh.es\/en\/wp-json\/wp\/v2\/posts"}],"about":[{"href":"https:\/\/protocolo.umh.es\/en\/wp-json\/wp\/v2\/types\/post"}],"author":[{"embeddable":true,"href":"https:\/\/protocolo.umh.es\/en\/wp-json\/wp\/v2\/users\/3575"}],"replies":[{"embeddable":true,"href":"https:\/\/protocolo.umh.es\/en\/wp-json\/wp\/v2\/comments?post=15680"}],"version-history":[{"count":0,"href":"https:\/\/protocolo.umh.es\/en\/wp-json\/wp\/v2\/posts\/15680\/revisions"}],"wp:attachment":[{"href":"https:\/\/protocolo.umh.es\/en\/wp-json\/wp\/v2\/media?parent=15680"}],"wp:term":[{"taxonomy":"category","embeddable":true,"href":"https:\/\/protocolo.umh.es\/en\/wp-json\/wp\/v2\/categories?post=15680"},{"taxonomy":"post_tag","embeddable":true,"href":"https:\/\/protocolo.umh.es\/en\/wp-json\/wp\/v2\/tags?post=15680"}],"curies":[{"name":"wp","href":"https:\/\/api.w.org\/{rel}","templated":true}]}}