{"id":11378,"date":"2018-07-31T13:30:39","date_gmt":"2018-07-31T11:30:39","guid":{"rendered":"http:\/\/protocolo.umh.es\/?p=11378"},"modified":"2026-03-04T10:26:16","modified_gmt":"2026-03-04T09:26:16","slug":"tapas-solidarias-a-favor-de-la-asociacion-de-familiares-de-enfermos-de-alzheimer-en-el-raco-de-las-fiestas-de-elche","status":"publish","type":"post","link":"https:\/\/protocolo.umh.es\/en\/2018\/07\/31\/tapas-solidarias-a-favor-de-la-asociacion-de-familiares-de-enfermos-de-alzheimer-en-el-raco-de-las-fiestas-de-elche\/","title":{"rendered":"Charity tapas in support of the Association of relatives of Alzheimer&#8217;s patients at the Elche festival grounds"},"content":{"rendered":"<p>The Miguel Hern\u00e1ndez University (UMH) of Elche will open a special area (rac\u00f3) during the Elche festivities to enjoy the midday masclet\u00e0s (firecracker displays). As in previous years, the rac\u00f3 will be located from August 11th to 15th in a commercial space opposite the Tourist Office at the entrance to the Municipal Park. A charity tapa will also be offered, with all proceeds going to the Association of Relatives of Alzheimer&#8217;s Patients (AFAE). Additionally, Radio UMH will broadcast a special program live from the university&#8217;s rac\u00f3 from 12:30 to 2:00 PM.<\/p>\n<p><a href=\"https:\/\/comunicacion.umh.es\/files\/2017\/07\/31-07-17-raco-umh.png\"><img loading=\"lazy\" class=\"alignleft size-medium wp-image-96797\" src=\"https:\/\/comunicacion.umh.es\/files\/2017\/07\/31-07-17-raco-umh-300x170.png\" alt=\"\" width=\"300\" height=\"170\" \/><\/a>The rector of the Miguel Hern\u00e1ndez University (UMH), Jes\u00fas Pastor Ciurana, will inaugurate the University&#8217;s food court on August 11 at 1:00 p.m. It will be open during the festivities from 12:00 p.m. to 3:00 p.m. The restaurants offering tapas for charity at the UMH food court will be Alhabia, Museum, El D\u00e1til de Oro, and El Granero.<\/p>","protected":false},"excerpt":{"rendered":"<p>The Miguel Hern\u00e1ndez University (UMH) of Elche will open a special area (rac\u00f3) during the Elche festivities to enjoy the midday masclet\u00e0s (firecracker displays). As in previous years, the rac\u00f3 will be located from August 11th to 15th in a commercial space opposite the Tourist Office at the entrance to the Municipal Park. A charity [&#8230;]<\/p>\n","protected":false},"author":3575,"featured_media":0,"comment_status":"closed","ping_status":"open","sticky":false,"template":"","format":"standard","meta":{"ngg_post_thumbnail":0,"_links_to":"","_links_to_target":""},"categories":[3102],"tags":[53173],"_links":{"self":[{"href":"https:\/\/protocolo.umh.es\/en\/wp-json\/wp\/v2\/posts\/11378"}],"collection":[{"href":"https:\/\/protocolo.umh.es\/en\/wp-json\/wp\/v2\/posts"}],"about":[{"href":"https:\/\/protocolo.umh.es\/en\/wp-json\/wp\/v2\/types\/post"}],"author":[{"embeddable":true,"href":"https:\/\/protocolo.umh.es\/en\/wp-json\/wp\/v2\/users\/3575"}],"replies":[{"embeddable":true,"href":"https:\/\/protocolo.umh.es\/en\/wp-json\/wp\/v2\/comments?post=11378"}],"version-history":[{"count":0,"href":"https:\/\/protocolo.umh.es\/en\/wp-json\/wp\/v2\/posts\/11378\/revisions"}],"wp:attachment":[{"href":"https:\/\/protocolo.umh.es\/en\/wp-json\/wp\/v2\/media?parent=11378"}],"wp:term":[{"taxonomy":"category","embeddable":true,"href":"https:\/\/protocolo.umh.es\/en\/wp-json\/wp\/v2\/categories?post=11378"},{"taxonomy":"post_tag","embeddable":true,"href":"https:\/\/protocolo.umh.es\/en\/wp-json\/wp\/v2\/tags?post=11378"}],"curies":[{"name":"wp","href":"https:\/\/api.w.org\/{rel}","templated":true}]}}