{"id":7139,"date":"2018-03-02T14:07:09","date_gmt":"2018-03-02T13:07:09","guid":{"rendered":"http:\/\/protocolo.umh.es\/?p=7139"},"modified":"2026-02-25T11:08:58","modified_gmt":"2026-02-25T10:08:58","slug":"i-edicion-de-los-premios-de-la-catedra-de-bioestimulantes-naturales","status":"publish","type":"post","link":"https:\/\/protocolo.umh.es\/ca\/2018\/03\/02\/i-edicion-de-los-premios-de-la-catedra-de-bioestimulantes-naturales\/","title":{"rendered":"I edici\u00f3 dels Premis de la C\u00e0tedra de *Bioestimulantes Naturals"},"content":{"rendered":"<p><a href=\"https:\/\/protocolo.umh.es\/files\/2018\/05\/ppal-1-300x201.jpg\"><img loading=\"lazy\" class=\"size-medium wp-image-7142 alignleft\" src=\"https:\/\/protocolo.umh.es\/files\/2018\/05\/ppal-1-300x201-300x201.jpg\" alt=\"\" width=\"300\" height=\"201\" \/><\/a> El rector de la Universitat Miguel Hern\u00e1ndez (UMH) d&#8217;Elx, Jes\u00fas Pastor Ciurana, i el director executiu del Grup Agrotecnolog\u00eda, Enrique Riquelme Terr\u00e9s, han presentat este mat\u00ed la Primera Edici\u00f3 dels Premis de la C\u00e0tedra de Bioestimulantes Naturals. Esta C\u00e0tedra, creada per la UMH i Grup Agrotecnolog\u00eda, ha premiat els Treballs Fi de M\u00e0ster (TFM) sobre bioestimulantes naturals del curs 2017-2018. A la presentaci\u00f3 ha assistit, tamb\u00e9, l&#8217;investigador de la UMH i director de la C\u00e0tedra, Vicente Micol Molina.<\/p>","protected":false},"excerpt":{"rendered":"<p> El rector de la Universitat Miguel Hern\u00e1ndez (UMH) d&#8217;Elx, Jes\u00fas Pastor Ciurana, i el director executiu del Grup Agrotecnolog\u00eda, Enrique Riquelme Terr\u00e9s, han presentat este mat\u00ed la Primera Edici\u00f3 dels Premis de la C\u00e0tedra de Bioestimulantes Naturals. Esta C\u00e0tedra, creada per la UMH i Grup Agrotecnolog\u00eda, ha premiat els Treballs Fi de M\u00e0ster (TFM) [&#8230;]<\/p>\n","protected":false},"author":3575,"featured_media":0,"comment_status":"closed","ping_status":"open","sticky":false,"template":"","format":"standard","meta":{"ngg_post_thumbnail":0,"_links_to":"","_links_to_target":""},"categories":[4617],"tags":[],"_links":{"self":[{"href":"https:\/\/protocolo.umh.es\/ca\/wp-json\/wp\/v2\/posts\/7139"}],"collection":[{"href":"https:\/\/protocolo.umh.es\/ca\/wp-json\/wp\/v2\/posts"}],"about":[{"href":"https:\/\/protocolo.umh.es\/ca\/wp-json\/wp\/v2\/types\/post"}],"author":[{"embeddable":true,"href":"https:\/\/protocolo.umh.es\/ca\/wp-json\/wp\/v2\/users\/3575"}],"replies":[{"embeddable":true,"href":"https:\/\/protocolo.umh.es\/ca\/wp-json\/wp\/v2\/comments?post=7139"}],"version-history":[{"count":0,"href":"https:\/\/protocolo.umh.es\/ca\/wp-json\/wp\/v2\/posts\/7139\/revisions"}],"wp:attachment":[{"href":"https:\/\/protocolo.umh.es\/ca\/wp-json\/wp\/v2\/media?parent=7139"}],"wp:term":[{"taxonomy":"category","embeddable":true,"href":"https:\/\/protocolo.umh.es\/ca\/wp-json\/wp\/v2\/categories?post=7139"},{"taxonomy":"post_tag","embeddable":true,"href":"https:\/\/protocolo.umh.es\/ca\/wp-json\/wp\/v2\/tags?post=7139"}],"curies":[{"name":"wp","href":"https:\/\/api.w.org\/{rel}","templated":true}]}}