{"id":656,"date":"2013-09-17T13:55:48","date_gmt":"2013-09-17T11:55:48","guid":{"rendered":"http:\/\/protocolo.umh.es\/?p=656"},"modified":"2013-09-19T10:40:57","modified_gmt":"2013-09-19T08:40:57","slug":"invitacion-para-la-presentacion-del-libro-experiencias-personales-con-energias-renovables-eolica-fotovoltaica-y-solar-termoelectrica-de-cayetano-hernandez-edif-quorum-i","status":"publish","type":"post","link":"https:\/\/protocolo.umh.es\/ca\/2013\/09\/17\/invitacion-para-la-presentacion-del-libro-experiencias-personales-con-energias-renovables-eolica-fotovoltaica-y-solar-termoelectrica-de-cayetano-hernandez-edif-quorum-i\/","title":{"rendered":"Presentaci\u00f3 del llibre de Cayetano Hern\u00e1ndez (Edif. Qu\u00f3rum I)"},"content":{"rendered":"<p>La Universitat Miguel Hern\u00e1ndez (UMH) d&#8217;Elx ha presentat el llibre \u201cExperiencias personales con energ\u00edas renovables e\u00f3lica, fotovoltaica y solar termoel\u00e9ctrica\u201d, de l&#8217;i.licit\u00e0 Cayetano Hern\u00e1ndez Gonz\u00e1lvez, expert en energia renovable. La presentaci\u00f3 del llibre es va celebrar al Sal\u00f3 d&#8217;Actes de l&#8217;edifici Quorum I, ubicat en el campus d&#8217;Elx, i ha estat presidit pel rector de la UMH, Jes\u00fas Pastor Ciurana.<\/p>\n<p>A l&#8217;acte han assistit, tamb\u00e9, el conseller de Medi Ambient de l&#8217;Ajuntament d&#8217;Elx, Sebasti\u00e1n Polo, i el president de l&#8217;Elx Club de Futbol, Jos\u00e9 Sepulcre.<\/p>\n<p>En el llibre, l&#8217;autor explica \u00a0les seues experi\u00e8ncies personals al sector de les energies renovables i en les \u00e0rees de generaci\u00f3 el\u00e8ctrica, aix\u00ed com en l&#8217;energia e\u00f2lica, la solar fotovoltaica i la solar termoel\u00e8ctrica. A m\u00e9s, en el llibre s&#8217;analitzen, des d&#8217;un punt de vista llegislatiu, diversos esdeveniments en el sector de les energies renovables que han tingut lloc \u00a0a Espanya. En el seu llibre, Cayetano Hern\u00e1ndez fa un rep\u00e0s de les diferents normes des de la Llei de Conservaci\u00f3 de la Energia (1980), fins als \u00faltims decrets \u00a0 aprovats en 2013.<\/p>\n<p><img loading=\"lazy\" alt=\"130817_F  (2)\" src=\"https:\/\/protocolo.umh.es\/files\/2013\/09\/130817_F-2-300x224.jpg\" width=\"300\" height=\"224\" \/><img loading=\"lazy\" class=\"alignright\" alt=\"130817_F (1)\" src=\"https:\/\/protocolo.umh.es\/files\/2013\/09\/130817_F-1-224x300.jpg\" width=\"179\" height=\"240\" \/><a href=\"https:\/\/protocolo.umh.es\/files\/2013\/09\/Presentaci\u00f3n-libro-de-Cayetano-Hern\u00e1ndez.jpg\"><img loading=\"lazy\" alt=\"Presentaci\u00f3n libro de Cayetano Hern\u00e1ndez\" src=\"https:\/\/protocolo.umh.es\/files\/2013\/09\/Presentaci\u00f3n-libro-de-Cayetano-Hern\u00e1ndez.jpg\" width=\"659\" height=\"327\" \/><\/a><\/p>","protected":false},"excerpt":{"rendered":"<p>La Universitat Miguel Hern\u00e1ndez (UMH) d&#8217;Elx ha presentat el llibre \u201cExperiencias personales con energ\u00edas renovables e\u00f3lica, fotovoltaica y solar termoel\u00e9ctrica\u201d, de l&#8217;i.licit\u00e0 Cayetano Hern\u00e1ndez Gonz\u00e1lvez, expert en energia renovable. La presentaci\u00f3 del llibre es va celebrar al Sal\u00f3 d&#8217;Actes de l&#8217;edifici Quorum I, ubicat en el campus d&#8217;Elx, i ha estat presidit pel rector de [&#8230;]<\/p>\n","protected":false},"author":309,"featured_media":0,"comment_status":"closed","ping_status":"open","sticky":false,"template":"","format":"standard","meta":{"ngg_post_thumbnail":0,"_links_to":"","_links_to_target":""},"categories":[2898,4746,3103],"tags":[],"_links":{"self":[{"href":"https:\/\/protocolo.umh.es\/ca\/wp-json\/wp\/v2\/posts\/656"}],"collection":[{"href":"https:\/\/protocolo.umh.es\/ca\/wp-json\/wp\/v2\/posts"}],"about":[{"href":"https:\/\/protocolo.umh.es\/ca\/wp-json\/wp\/v2\/types\/post"}],"author":[{"embeddable":true,"href":"https:\/\/protocolo.umh.es\/ca\/wp-json\/wp\/v2\/users\/309"}],"replies":[{"embeddable":true,"href":"https:\/\/protocolo.umh.es\/ca\/wp-json\/wp\/v2\/comments?post=656"}],"version-history":[{"count":0,"href":"https:\/\/protocolo.umh.es\/ca\/wp-json\/wp\/v2\/posts\/656\/revisions"}],"wp:attachment":[{"href":"https:\/\/protocolo.umh.es\/ca\/wp-json\/wp\/v2\/media?parent=656"}],"wp:term":[{"taxonomy":"category","embeddable":true,"href":"https:\/\/protocolo.umh.es\/ca\/wp-json\/wp\/v2\/categories?post=656"},{"taxonomy":"post_tag","embeddable":true,"href":"https:\/\/protocolo.umh.es\/ca\/wp-json\/wp\/v2\/tags?post=656"}],"curies":[{"name":"wp","href":"https:\/\/api.w.org\/{rel}","templated":true}]}}