{"id":5339,"date":"2017-11-30T10:41:40","date_gmt":"2017-11-30T09:41:40","guid":{"rendered":"http:\/\/protocolo.umh.es\/?p=5339"},"modified":"2018-02-06T10:42:44","modified_gmt":"2018-02-06T09:42:44","slug":"los-rectores-de-las-universidades-publicas-valencianas-participan-en-valencia-en-un-encuentro-de-la-real-sociedad-economica-amigos-del-pais","status":"publish","type":"post","link":"https:\/\/protocolo.umh.es\/ca\/2017\/11\/30\/los-rectores-de-las-universidades-publicas-valencianas-participan-en-valencia-en-un-encuentro-de-la-real-sociedad-economica-amigos-del-pais\/","title":{"rendered":"<span lang=\"es\">(Espa\u00f1ol) Los Rectores de las Universidades p\u00fablicas valencianas participan en Valencia en un encuentro de la Real Sociedad Econ\u00f3mica Amigos del Pa\u00eds<\/span>"},"content":{"rendered":"<p class=\"qtranxs-available-languages-message qtranxs-available-languages-message-ca\">Ho sentim, aquesta entrada es troba disponible \u00fanicament en <a href=\"https:\/\/protocolo.umh.es\/es\/wp-json\/wp\/v2\/posts\/5339\" class=\"qtranxs-available-language-link qtranxs-available-language-link-es\" title=\"Espa\u00f1ol\">Espanyol Europeu<\/a>.<\/p>","protected":false},"excerpt":{"rendered":"<p>Ho sentim, aquesta entrada es troba disponible \u00fanicament en Espanyol Europeu.<\/p>\n","protected":false},"author":3893,"featured_media":0,"comment_status":"closed","ping_status":"open","sticky":false,"template":"","format":"standard","meta":{"ngg_post_thumbnail":0,"_links_to":"","_links_to_target":""},"categories":[632,2898],"tags":[53173],"_links":{"self":[{"href":"https:\/\/protocolo.umh.es\/ca\/wp-json\/wp\/v2\/posts\/5339"}],"collection":[{"href":"https:\/\/protocolo.umh.es\/ca\/wp-json\/wp\/v2\/posts"}],"about":[{"href":"https:\/\/protocolo.umh.es\/ca\/wp-json\/wp\/v2\/types\/post"}],"author":[{"embeddable":true,"href":"https:\/\/protocolo.umh.es\/ca\/wp-json\/wp\/v2\/users\/3893"}],"replies":[{"embeddable":true,"href":"https:\/\/protocolo.umh.es\/ca\/wp-json\/wp\/v2\/comments?post=5339"}],"version-history":[{"count":0,"href":"https:\/\/protocolo.umh.es\/ca\/wp-json\/wp\/v2\/posts\/5339\/revisions"}],"wp:attachment":[{"href":"https:\/\/protocolo.umh.es\/ca\/wp-json\/wp\/v2\/media?parent=5339"}],"wp:term":[{"taxonomy":"category","embeddable":true,"href":"https:\/\/protocolo.umh.es\/ca\/wp-json\/wp\/v2\/categories?post=5339"},{"taxonomy":"post_tag","embeddable":true,"href":"https:\/\/protocolo.umh.es\/ca\/wp-json\/wp\/v2\/tags?post=5339"}],"curies":[{"name":"wp","href":"https:\/\/api.w.org\/{rel}","templated":true}]}}