{"id":4607,"date":"2017-07-24T18:29:09","date_gmt":"2017-07-24T16:29:09","guid":{"rendered":"http:\/\/protocolo.umh.es\/?p=4607"},"modified":"2025-09-26T13:52:26","modified_gmt":"2025-09-26T11:52:26","slug":"acto-academico-de-clausura-del-curso-2016-2017-con-la-investidura-como-doctor-honoris-causa-del-excmo-sr-d-jose-maria-peiro-silla","status":"publish","type":"post","link":"https:\/\/protocolo.umh.es\/ca\/2017\/07\/24\/acto-academico-de-clausura-del-curso-2016-2017-con-la-investidura-como-doctor-honoris-causa-del-excmo-sr-d-jose-maria-peiro-silla\/","title":{"rendered":"Acte Acad\u00e8mic de Clausura del Curs 2016-2017 amb la investidura com a Doctor Honoris causa de l&#8217;Excm. Sr. Sr. Jos\u00e9 Mar\u00eda Peir\u00f3 Silla"},"content":{"rendered":"<p>La Universitat Miguel Hern\u00e1ndez d&#8217;Elx va celebrar el passat 4 de juliol l&#8217;acte de Clausura del curs acad\u00e8mic 2016\/2017. Durant la cerim\u00f2nia, que es va celebrar en l&#8217;edifici de Rectorat i Consell Social del campus d&#8217;Elx, va tindre lloc la investidura com a Doctor Honoris causa del catedr\u00e0tic de Psicologia Social i de les Organitzacions de la Universitat de Val\u00e8ncia Jos\u00e9 Mar\u00eda Peir\u00f3 Silla. El padr\u00ed del nou Doctor Honoris causa va ser el professor em\u00e8rit de Psicologia Social i rector honorari de la UMH, Jes\u00fas Rodr\u00edguez Mar\u00edn. L&#8217;acte va ser presidit pel rector, Jes\u00fas T. Pastor Ciurana, el president de les Corts Valencianes, Enric Morera, el president del Consell Social de la UMH, Francisco Borja, els vicerectors Francisco Moreno i Fernando Vidal i la secret\u00e0ria general, Mercedes S\u00e1nchez.<\/p>\n<p>Aix\u00ed mateix, en este\u00a0 acte es va fer lliurament dels premis Extraordinaris de Titulaci\u00f3 a 63 estudiants, aix\u00ed com\u00a0 els del XIV Certamen Innova Empr\u00e9n, els de la IV Edici\u00f3 del Programa EmpleoWeekend, els de la V Edici\u00f3 del Programa *EmprendeWeekend i els de la VI Edici\u00f3 del Programa Mentoria.<\/p>\n<p>INVITACION:<\/p>\n<p><a href=\"https:\/\/protocolo.umh.es\/files\/2017\/07\/MODELO-INVITACI\u00d3N-CLAUSURA.jpg\"><img loading=\"lazy\" class=\"aligncenter wp-image-4549\" src=\"https:\/\/protocolo.umh.es\/files\/2017\/07\/MODELO-INVITACI\u00d3N-CLAUSURA-300x161.jpg\" alt=\"\" width=\"423\" height=\"227\" srcset=\"https:\/\/protocolo.umh.es\/files\/2017\/07\/MODELO-INVITACI\u00d3N-CLAUSURA-300x161.jpg 300w, https:\/\/protocolo.umh.es\/files\/2017\/07\/MODELO-INVITACI\u00d3N-CLAUSURA-768x413.jpg 768w, https:\/\/protocolo.umh.es\/files\/2017\/07\/MODELO-INVITACI\u00d3N-CLAUSURA-1024x550.jpg 1024w, https:\/\/protocolo.umh.es\/files\/2017\/07\/MODELO-INVITACI\u00d3N-CLAUSURA.jpg 2043w\" sizes=\"(max-width: 423px) 100vw, 423px\" \/><\/a><\/p>\n<p>CERIMONIAL:<\/p>\n<p><a href=\"https:\/\/protocolo.umh.es\/files\/2017\/07\/Ceremonial-en-valenciano.pdf\">Ceremonial en valenciano<\/a><\/p>\n<p>&nbsp;<\/p>","protected":false},"excerpt":{"rendered":"<p>La Universitat Miguel Hern\u00e1ndez d&#8217;Elx va celebrar el passat 4 de juliol l&#8217;acte de Clausura del curs acad\u00e8mic 2016\/2017. Durant la cerim\u00f2nia, que es va celebrar en l&#8217;edifici de Rectorat i Consell Social del campus d&#8217;Elx, va tindre lloc la investidura com a Doctor Honoris causa del catedr\u00e0tic de Psicologia Social i de les Organitzacions [&#8230;]<\/p>\n","protected":false},"author":3575,"featured_media":0,"comment_status":"closed","ping_status":"open","sticky":false,"template":"","format":"standard","meta":{"ngg_post_thumbnail":0,"_links_to":"","_links_to_target":""},"categories":[46885,649,651],"tags":[],"_links":{"self":[{"href":"https:\/\/protocolo.umh.es\/ca\/wp-json\/wp\/v2\/posts\/4607"}],"collection":[{"href":"https:\/\/protocolo.umh.es\/ca\/wp-json\/wp\/v2\/posts"}],"about":[{"href":"https:\/\/protocolo.umh.es\/ca\/wp-json\/wp\/v2\/types\/post"}],"author":[{"embeddable":true,"href":"https:\/\/protocolo.umh.es\/ca\/wp-json\/wp\/v2\/users\/3575"}],"replies":[{"embeddable":true,"href":"https:\/\/protocolo.umh.es\/ca\/wp-json\/wp\/v2\/comments?post=4607"}],"version-history":[{"count":0,"href":"https:\/\/protocolo.umh.es\/ca\/wp-json\/wp\/v2\/posts\/4607\/revisions"}],"wp:attachment":[{"href":"https:\/\/protocolo.umh.es\/ca\/wp-json\/wp\/v2\/media?parent=4607"}],"wp:term":[{"taxonomy":"category","embeddable":true,"href":"https:\/\/protocolo.umh.es\/ca\/wp-json\/wp\/v2\/categories?post=4607"},{"taxonomy":"post_tag","embeddable":true,"href":"https:\/\/protocolo.umh.es\/ca\/wp-json\/wp\/v2\/tags?post=4607"}],"curies":[{"name":"wp","href":"https:\/\/api.w.org\/{rel}","templated":true}]}}