{"id":4583,"date":"2017-07-26T11:50:06","date_gmt":"2017-07-26T09:50:06","guid":{"rendered":"http:\/\/protocolo.umh.es\/?p=4583"},"modified":"2026-02-25T11:22:50","modified_gmt":"2026-02-25T10:22:50","slug":"la-umh-recibe-premio-especial-de-la-revista-economia-3","status":"publish","type":"post","link":"https:\/\/protocolo.umh.es\/ca\/2017\/07\/26\/la-umh-recibe-premio-especial-de-la-revista-economia-3\/","title":{"rendered":"La UMH rep Premi Especial de la revista Economia 3"},"content":{"rendered":"<p>La Universitat Miguel Hern\u00e1ndez ha sigut premiada per la revista Economia 3, especialitzada en informaci\u00f3 econ\u00f2mica i empresarial de la Comunitat Valenciana, amb motiu del seu 20 aniversari, aix\u00ed com per &#8220;la important aportaci\u00f3 que realitza dia a dia al desenrotllament de la ci\u00e8ncia i el coneixement a la prov\u00edncia d&#8217;Alacant&#8221;.<br \/>\nEste reconeixement va ser arreplegat pel rector de la UMH, Jes\u00fas Pastor Ciurana, en la gala celebrada el passat 4 de juliol a Alacant. A l&#8217;acte va assistir tamb\u00e9 el vicerector d&#8217;Economia i Empresa de la UMH, Fernando Vidal Gim\u00e9nez.<br \/>\n<a href=\"https:\/\/protocolo.umh.es\/files\/2017\/07\/05-07-17-premios-econom\u00eda-3-300x162-e1501058914762.jpg\"><img loading=\"lazy\" class=\"alignleft size-thumbnail wp-image-4616\" src=\"https:\/\/protocolo.umh.es\/files\/2017\/07\/05-07-17-premios-econom\u00eda-3-300x162-150x150.jpg\" alt=\"\" width=\"150\" height=\"150\" \/><\/a><a href=\"https:\/\/protocolo.umh.es\/files\/2017\/07\/Premio-economia-3-2-e1501059162992.jpg\"><img loading=\"lazy\" class=\"alignleft size-thumbnail wp-image-4613\" src=\"https:\/\/protocolo.umh.es\/files\/2017\/07\/Premio-economia-3-2-150x150.jpg\" alt=\"\" width=\"150\" height=\"150\" \/><\/a><a href=\"https:\/\/protocolo.umh.es\/files\/2017\/07\/Premio-econom\u00eda-3.jpg\"><img loading=\"lazy\" class=\"alignleft size-thumbnail wp-image-4610\" src=\"https:\/\/protocolo.umh.es\/files\/2017\/07\/Premio-econom\u00eda-3-150x150.jpg\" alt=\"\" width=\"150\" height=\"150\" \/><\/a><\/p>","protected":false},"excerpt":{"rendered":"<p>La Universitat Miguel Hern\u00e1ndez ha sigut premiada per la revista Economia 3, especialitzada en informaci\u00f3 econ\u00f2mica i empresarial de la Comunitat Valenciana, amb motiu del seu 20 aniversari, aix\u00ed com per &#8220;la important aportaci\u00f3 que realitza dia a dia al desenrotllament de la ci\u00e8ncia i el coneixement a la prov\u00edncia d&#8217;Alacant&#8221;.<br \/>\nEste reconeixement va ser arreplegat [&#8230;]<\/p>\n","protected":false},"author":3575,"featured_media":0,"comment_status":"closed","ping_status":"open","sticky":false,"template":"","format":"standard","meta":{"ngg_post_thumbnail":0,"_links_to":"","_links_to_target":""},"categories":[4746,4617],"tags":[48382],"_links":{"self":[{"href":"https:\/\/protocolo.umh.es\/ca\/wp-json\/wp\/v2\/posts\/4583"}],"collection":[{"href":"https:\/\/protocolo.umh.es\/ca\/wp-json\/wp\/v2\/posts"}],"about":[{"href":"https:\/\/protocolo.umh.es\/ca\/wp-json\/wp\/v2\/types\/post"}],"author":[{"embeddable":true,"href":"https:\/\/protocolo.umh.es\/ca\/wp-json\/wp\/v2\/users\/3575"}],"replies":[{"embeddable":true,"href":"https:\/\/protocolo.umh.es\/ca\/wp-json\/wp\/v2\/comments?post=4583"}],"version-history":[{"count":0,"href":"https:\/\/protocolo.umh.es\/ca\/wp-json\/wp\/v2\/posts\/4583\/revisions"}],"wp:attachment":[{"href":"https:\/\/protocolo.umh.es\/ca\/wp-json\/wp\/v2\/media?parent=4583"}],"wp:term":[{"taxonomy":"category","embeddable":true,"href":"https:\/\/protocolo.umh.es\/ca\/wp-json\/wp\/v2\/categories?post=4583"},{"taxonomy":"post_tag","embeddable":true,"href":"https:\/\/protocolo.umh.es\/ca\/wp-json\/wp\/v2\/tags?post=4583"}],"curies":[{"name":"wp","href":"https:\/\/api.w.org\/{rel}","templated":true}]}}