{"id":4472,"date":"2017-03-20T09:41:39","date_gmt":"2017-03-20T08:41:39","guid":{"rendered":"http:\/\/protocolo.umh.es\/?p=4472"},"modified":"2026-02-24T10:51:09","modified_gmt":"2026-02-24T09:51:09","slug":"xii-edicion-de-los-premios-consejo-social","status":"publish","type":"post","link":"https:\/\/protocolo.umh.es\/ca\/2017\/03\/20\/xii-edicion-de-los-premios-consejo-social\/","title":{"rendered":"XII Edici\u00f3 dels Premis Consell Social"},"content":{"rendered":"<p><\/p>\n<p style=\"text-align: justify\">El Rector de la Universitat Miguel Hern\u00e1ndez (UMH) d&#8217;Elx, Jes\u00fas T. Pastor Ciurana, va presidir dijous passat, 16 de mar\u00e7,\u00a0el lliurament dels guardons de la XII edici\u00f3 dels Premis Consell Social en les seues diferents modalitats. L&#8217;acte es\u00a0va celebrar en la Sala d&#8217;actes de l&#8217;edifici Rectorat i Consell Social del campus d&#8217;Elx.<\/p>\n<p><a href=\"https:\/\/protocolo.umh.es\/files\/2017\/03\/16-03-17-premios-consejo-social.jpg\"><img loading=\"lazy\" class=\"size-medium wp-image-4473 aligncenter\" src=\"https:\/\/protocolo.umh.es\/files\/2017\/03\/16-03-17-premios-consejo-social-300x200.jpg\" alt=\"16-03-17-premios-consejo-social\" width=\"300\" height=\"200\" srcset=\"https:\/\/protocolo.umh.es\/files\/2017\/03\/16-03-17-premios-consejo-social-300x200.jpg 300w, https:\/\/protocolo.umh.es\/files\/2017\/03\/16-03-17-premios-consejo-social-768x512.jpg 768w, https:\/\/protocolo.umh.es\/files\/2017\/03\/16-03-17-premios-consejo-social-1024x683.jpg 1024w, https:\/\/protocolo.umh.es\/files\/2017\/03\/16-03-17-premios-consejo-social.jpg 1920w\" sizes=\"(max-width: 300px) 100vw, 300px\" \/><\/a><\/p>\n<p style=\"text-align: justify\"><!--more--><\/p>\n<p>El premi Estudiants va correspondre als alumnes Alejandro Molt\u00f3 *Borreguero, del Grau en Belles Arts, i Aitana Garc\u00eda Cantos, llicenciada en Periodisme. Amb este premi es reconeix la traject\u00f2ria dels estudiants i es valora, a m\u00e9s, el seu rendiment acad\u00e8mic, la seua experi\u00e8ncia, les seues habilitats professionals i la dimensi\u00f3 europea del seu curr\u00edculum. El premi Investigaci\u00f3 en la categoria \u201cGrups d&#8217;Investigaci\u00f3\u201d es va concedir al grup d&#8217;investigaci\u00f3 \u201cCalit\u00e9 Investigaci\u00f3\u201d, que centra la seua activitat en la definici\u00f3 d&#8217;objectius, compromisos de qualitat i en la seua avaluaci\u00f3, aix\u00ed com en el foment de la millora cont\u00ednua en els processos de treball i en els seus resultats. La investigadora principal \u00e9s Virtuts P\u00e9rez Jover. Per part seua, en la categoria \u201cJ\u00f3vens Investigadors\u201d el va guardonar al professor del Departament de Ci\u00e8ncia Jur\u00eddica Alfonso Ortega Gim\u00e9nez, qui rebr\u00e0 2.000 euros, destinats a cobrir gastos relacionats amb la seua l\u00ednia d&#8217;investigaci\u00f3.<\/p>\n<p>El premi a l&#8217;Excel\u00b7l\u00e8ncia\u00a0 Docent es va atorgar a la professora del Departament de Biologia Aplicada Mar\u00eda Asunci\u00f3n Amor\u00f3s Marco i al professor del Departament d&#8217;Histologia i Anatomia de la UMH Pere Berbel Navarro. El guard\u00f3 d&#8217;Empreses\u00a0 i Institucions esta vegada va recaure en l&#8217;empresa Panama Jack, S. a. Amb este premi es reconeix la traject\u00f2ria consolidada d&#8217;esta empresa il\u00b7licitana, referent en el mercat internacional del cal\u00e7at i molt activa en l&#8217;\u00e0mbit de la responsabilitat social, aix\u00ed com la seua col\u00b7laboraci\u00f3 permanent amb la UMH.<\/p>\n<p>El premi\u00a0Accions d&#8217;Innovaci\u00f3 en la Gesti\u00f3, dirigit als servicis i unitats administratives de la Universitat, es va concedir\u00a0enguany al Servici de Qualitat de la UMH per la iniciativa \u201cSetmana de la innovaci\u00f3 en la gesti\u00f3 universit\u00e0ria\u201d, l&#8217;objectiu de la qual \u00e9s fomentar l&#8217;esperit innovador del personal d&#8217;administraci\u00f3 i servicis de la UMH, mitjan\u00e7ant la proposta d&#8217;idees\u00a0 noves que puguen posar-se en funcionament i redunden en la prestaci\u00f3 d&#8217;un millor servici.<\/p>\n<p>El premi Millor Esportista Universitari es va concedir a l&#8217;atleta professional en cadira de rodes Santiago Sanz Quinto, per la seua destacada traject\u00f2ria tant nacional com internacional. Santiago Quint ha aconseguit 90 vict\u00f2ries en proves internacionals de ruta i 17 medalles amb la selecci\u00f3 espanyola d&#8217;Atletisme. Llicenciat en Ci\u00e8ncies de l&#8217;Esport, M\u00e0ster enlaire Rendiment Esportiu i Salut, actualment realitza estudis de Doctorat en la UMH en el programa de \u201cEsport i Salut\u201d.<\/p>\n<p>Respecte a les C\u00e0tedres UMH, en la categoria \u201cC\u00e0tedres d&#8217;Empresa i Mecenatge\u201d el premi va recaure en la C\u00e0tedra d&#8217;Al\u00b7l\u00e8rgia i Immunologia Cl\u00ednica de la UMH, dirigida per Francisco Javier Fern\u00e1ndez S\u00e1nchez i finan\u00e7ada per la Societat Espanyola d&#8217;Al\u00b7lergologia i Immunologia Cl\u00ednica, Alk-Abello S.A, *BIAL-Industrial Farmac\u00e8utica S.A, Diater Laboratoris S.A. i Phadia Spain, S.L. Aix\u00ed mateix, en la categoria \u201cC\u00e0tedres Institucionals de la UMH\u201d, que reconeix la traject\u00f2ria desenrotllada per persones o entitats en cada una de les seues c\u00e0tedres, els premiats van ser l&#8217;editor i estudi\u00f3s de l&#8217;obra de Miguel Hern\u00e1ndez Jos\u00e9 Mar\u00eda Guti\u00e9rrez de la Torre per la C\u00e0tedra Miguel Hern\u00e1ndez; Jes\u00fas Rueda Cuenca, doctor en Medicina i investigador, per la C\u00e0tedra Pedro Ibarra; els Tramoistes del Misteri d\u00b4Elx per la C\u00e0tedra Misteri d\u2019Elx; l&#8217;empresari de la palma Francisco Serrano Valero per la C\u00e0tedra Palmerar d\u2019Elx; la Reial orde de la Dama d\u2019Elx per la C\u00e0tedra Dama d\u2019Elx; la directora creativa de la firma de cal\u00e7at Cuplet, To\u00f1i Pastor, per la C\u00e0tedra \u201cSan Crisp\u00edn\u201d de la Ind\u00fastria del Cal\u00e7at d&#8217;Elx i, finalment, els voluntaris de la UMH a Ruanda per la C\u00e0tedra UMH a Ruanda.<\/p>\n<p>El premi Rellev\u00e0ncia Social es va atorgar a Juan Garrig\u00f3s, president del Grup R\u00e0dio Elx, emissora degana d&#8217;Elx fundada en 1934 i tota una instituci\u00f3 del radiofonismo il\u00b7licit\u00e0. El Consell Social de la UMH va concedir, finalment, el premi Entitat sense \u00e0nim de lucre a l&#8217;Associaci\u00f3 de Dones afectades per C\u00e0ncer de Mama d&#8217;Elx i Comarca (AMACMEC), l&#8217;objectiu de la qual ha sigut, des de 1998, donar suport i informaci\u00f3 durant el proc\u00e9s i tractament del c\u00e0ncer de mama per a aconseguir el benestar f\u00edsic, psicol\u00f2gic i social de les persones afectades.<\/p>","protected":false},"excerpt":{"rendered":"<p>El Rector de la Universitat Miguel Hern\u00e1ndez (UMH) d&#8217;Elx, Jes\u00fas T. Pastor Ciurana, va presidir dijous passat, 16 de mar\u00e7,\u00a0el lliurament dels guardons de la XII edici\u00f3 dels Premis Consell Social en les seues diferents modalitats. L&#8217;acte es\u00a0va celebrar en la Sala d&#8217;actes de l&#8217;edifici Rectorat i Consell Social del campus d&#8217;Elx.<\/p>\n<p>El premi Estudiants va [&#8230;]<\/p>\n","protected":false},"author":3400,"featured_media":0,"comment_status":"closed","ping_status":"open","sticky":false,"template":"","format":"standard","meta":{"ngg_post_thumbnail":0,"_links_to":"","_links_to_target":""},"categories":[3406],"tags":[48382],"_links":{"self":[{"href":"https:\/\/protocolo.umh.es\/ca\/wp-json\/wp\/v2\/posts\/4472"}],"collection":[{"href":"https:\/\/protocolo.umh.es\/ca\/wp-json\/wp\/v2\/posts"}],"about":[{"href":"https:\/\/protocolo.umh.es\/ca\/wp-json\/wp\/v2\/types\/post"}],"author":[{"embeddable":true,"href":"https:\/\/protocolo.umh.es\/ca\/wp-json\/wp\/v2\/users\/3400"}],"replies":[{"embeddable":true,"href":"https:\/\/protocolo.umh.es\/ca\/wp-json\/wp\/v2\/comments?post=4472"}],"version-history":[{"count":0,"href":"https:\/\/protocolo.umh.es\/ca\/wp-json\/wp\/v2\/posts\/4472\/revisions"}],"wp:attachment":[{"href":"https:\/\/protocolo.umh.es\/ca\/wp-json\/wp\/v2\/media?parent=4472"}],"wp:term":[{"taxonomy":"category","embeddable":true,"href":"https:\/\/protocolo.umh.es\/ca\/wp-json\/wp\/v2\/categories?post=4472"},{"taxonomy":"post_tag","embeddable":true,"href":"https:\/\/protocolo.umh.es\/ca\/wp-json\/wp\/v2\/tags?post=4472"}],"curies":[{"name":"wp","href":"https:\/\/api.w.org\/{rel}","templated":true}]}}