{"id":4388,"date":"2017-02-17T13:10:42","date_gmt":"2017-02-17T12:10:42","guid":{"rendered":"http:\/\/protocolo.umh.es\/?p=4388"},"modified":"2026-02-25T12:20:26","modified_gmt":"2026-02-25T11:20:26","slug":"el-rector-de-la-umh-asiste-a-la-entrega-de-premios-de-la-i-edicion-del-programa-emprende-umh-en-aspe","status":"publish","type":"post","link":"https:\/\/protocolo.umh.es\/ca\/2017\/02\/17\/el-rector-de-la-umh-asiste-a-la-entrega-de-premios-de-la-i-edicion-del-programa-emprende-umh-en-aspe\/","title":{"rendered":"El Rector de la UMH asiste a la entrega de premios de la I edici\u00f3n del programa Emprende UMH en Aspe"},"content":{"rendered":"<p>El rector de la UMH, Jes\u00fas T. Pastor Ciurana, i la directora-gerent de la Fundaci\u00f3 UMH, Tonia Salinas, van assistir el passat 2 de febrer al lliurament de premis de la I edici\u00f3 del programa d&#8217;innovaci\u00f3 i emprenedoria Aspe Empr\u00e9n de la Universitat Miguel Hern\u00e1ndez (UMH), celebrada en el teatre Wagner d&#8217;Aspe. Les empreses guanyadores han sigut Alimentaci\u00f3 Verge de les Neus, Manyagues i Les Cerim\u00f2nies d&#8217;Isabel. La primera d&#8217;elles ha rebut un premi de 600 euros, mentres que Manyagues i Les Cerim\u00f2nies d&#8217;Isabel han sigut guardonades amb 300 euros. A m\u00e9s, el jurat ha decidit atorgar un acc\u00e8ssit d&#8217;innovaci\u00f3 social a la Resid\u00e8ncia d&#8217;Ancians Verge de les Neus.<\/p>\n<p style=\"text-align: center\"><a href=\"https:\/\/protocolo.umh.es\/files\/2017\/02\/03-02-17-emprende-UMH2-300x200.jpg\"><img loading=\"lazy\" class=\"alignnone size-medium wp-image-4389\" src=\"https:\/\/protocolo.umh.es\/files\/2017\/02\/03-02-17-emprende-UMH2-300x200-300x200.jpg\" alt=\"03-02-17-emprende-UMH2-300x200\" width=\"300\" height=\"200\" \/><\/a><\/p>\n<p>A l&#8217;acte, que va ser presentat per l&#8217;agent d&#8217;innovaci\u00f3 d&#8217;Aspe Empr\u00e9n, Noelia Rodr\u00edguez, van assistir, tamb\u00e9, l&#8217;alcalde d&#8217;Aspe, Antonio Puerto, el conseller d&#8217;Economia Sostenible, Sectors Productius, Comer\u00e7 i Treball, Rafael Climent, el regidor d&#8217;Ind\u00fastria, Formaci\u00f3, Ocupaci\u00f3 i Medi Ambient, Iv\u00e1n Escobar, el vicerector d&#8217;Investigaci\u00f3 i Innovaci\u00f3 de la UMH, Manuel Jord\u00e1n, el vicerector d&#8217;Economia i Empresa de la Universitat, Fernando Vidal, i el vicerector de Planificaci\u00f3 de la UMH, Fernando Borr\u00e1s.<br \/>\n<!--more--><\/p>\n<p>Una de les empreses premiades, Alimentaci\u00f3 Verge de les Neus, \u00e9s una companyia l&#8217;objectiu de la qual \u00e9s donar un gir al concepte tradicional de supermercat. Entre les seues propostes es troba oferir un men\u00fa diari, elaborat amb els propis productes de l&#8217;establiment. L&#8217;empresa Manyagues fomenta el concepte de crian\u00e7a natural i respectuosa, aix\u00ed com el vincle d&#8217;inclinaci\u00f3. Tamb\u00e9, es focalitza en la venda de productes naturals per a embarassades i per a xiquets de fins a tres anys. Per part seua, Les Cerim\u00f2nies d&#8217;Isabel \u00e9s un negoci dedicat a l&#8217;organitzaci\u00f3 d&#8217;esdeveniments nupcials i la seua proposta de valor radica en el fet que no sols oferix servicis florals i decoratius, sin\u00f3 que, tamb\u00e9, proporciona servicis de mestra de cerim\u00f2nies, wedding planner, i de protocol. El guardonat amb l&#8217;acc\u00e8ssit d&#8217;innovaci\u00f3 social, la resid\u00e8ncia d&#8217;ancians Verge de les Neus, proposa ampliar les seues instal\u00b7lacions per a la creaci\u00f3 d&#8217;un centre de dia, amb l&#8217;objectiu de cobrir les necessitats d&#8217;este col\u00b7lectiu en el municipi d&#8217;Aspe.<\/p>\n<p>Aspe Empr\u00e9n \u00e9s una iniciativa que forma part de Emprende UMH, la xarxa d&#8217;acceleradores p\u00fabliques de la prov\u00edncia d&#8217;Alacant. El programa \u00e9s gestionat per la Fundaci\u00f3 UMH i busca ajudar als ajuntaments i institucions p\u00fabliques de la prov\u00edncia en la seua aposta per l&#8217;emprenedoria i el creixement empresarial.<\/p>","protected":false},"excerpt":{"rendered":"<p>El rector de la UMH, Jes\u00fas T. Pastor Ciurana, i la directora-gerent de la Fundaci\u00f3 UMH, Tonia Salinas, van assistir el passat 2 de febrer al lliurament de premis de la I edici\u00f3 del programa d&#8217;innovaci\u00f3 i emprenedoria Aspe Empr\u00e9n de la Universitat Miguel Hern\u00e1ndez (UMH), celebrada en el teatre Wagner d&#8217;Aspe. Les empreses guanyadores [&#8230;]<\/p>\n","protected":false},"author":3400,"featured_media":0,"comment_status":"closed","ping_status":"open","sticky":false,"template":"","format":"standard","meta":{"ngg_post_thumbnail":0,"_links_to":"","_links_to_target":""},"categories":[4617],"tags":[48382],"_links":{"self":[{"href":"https:\/\/protocolo.umh.es\/ca\/wp-json\/wp\/v2\/posts\/4388"}],"collection":[{"href":"https:\/\/protocolo.umh.es\/ca\/wp-json\/wp\/v2\/posts"}],"about":[{"href":"https:\/\/protocolo.umh.es\/ca\/wp-json\/wp\/v2\/types\/post"}],"author":[{"embeddable":true,"href":"https:\/\/protocolo.umh.es\/ca\/wp-json\/wp\/v2\/users\/3400"}],"replies":[{"embeddable":true,"href":"https:\/\/protocolo.umh.es\/ca\/wp-json\/wp\/v2\/comments?post=4388"}],"version-history":[{"count":0,"href":"https:\/\/protocolo.umh.es\/ca\/wp-json\/wp\/v2\/posts\/4388\/revisions"}],"wp:attachment":[{"href":"https:\/\/protocolo.umh.es\/ca\/wp-json\/wp\/v2\/media?parent=4388"}],"wp:term":[{"taxonomy":"category","embeddable":true,"href":"https:\/\/protocolo.umh.es\/ca\/wp-json\/wp\/v2\/categories?post=4388"},{"taxonomy":"post_tag","embeddable":true,"href":"https:\/\/protocolo.umh.es\/ca\/wp-json\/wp\/v2\/tags?post=4388"}],"curies":[{"name":"wp","href":"https:\/\/api.w.org\/{rel}","templated":true}]}}