{"id":43658,"date":"2026-01-13T13:29:05","date_gmt":"2026-01-13T12:29:05","guid":{"rendered":"https:\/\/protocolo.umh.es\/?p=43658"},"modified":"2026-01-29T16:17:27","modified_gmt":"2026-01-29T15:17:27","slug":"la-umh-investira-como-doctora-honoris-causa-a-la-alergologa-mariana-concepcion-castells-guitart-en-santo-tomas-de-aquino","status":"publish","type":"post","link":"https:\/\/protocolo.umh.es\/ca\/2026\/01\/13\/la-umh-investira-como-doctora-honoris-causa-a-la-alergologa-mariana-concepcion-castells-guitart-en-santo-tomas-de-aquino\/","title":{"rendered":"La UMH investir\u00e0 com a Doctora Honoris causa a l&#8217;al\u00b7lerg\u00f2loga Mariana Concepci\u00f3n Castells Guitart en Sant Tom\u00e0s d&#8217;Aquino"},"content":{"rendered":"<p><\/p>\n<h2 class=\"titulo-cuerpo\">La UMH investir\u00e0 com a Doctora Honoris causa a l&#8217;al\u00b7lerg\u00f2loga Mariana Concepci\u00f3n Castells Guitart en Sant Tom\u00e0s d&#8217;Aquino<\/h2>\n<p>L&#8217;al\u00b7lerg\u00f2loga, pionera en dessensibilitzaci\u00f3 farmacol\u00f2gica, Mariana Concepci\u00f3n Castells Guitart ser\u00e0 investida com a Doctora Honoris causa per la Universitat Miguel Hern\u00e1ndez d&#8217;Elx (UMH) durant l&#8217;acte de la festivitat de Sant Tom\u00e0s d&#8217;Aquino, que se celebrar\u00e0 el 28 de gener, a les 12.00 hores, en l&#8217;edifici Rectorat i Consell Social del campus d&#8217;Elx. El padr\u00ed de la nova Doctora Honoris causa ser\u00e0 el professor em\u00e8rit de l&#8217;\u00c0rea de Medicina Francisco Javier Fern\u00e1ndez S\u00e1nchez.<\/p>\n<p><a href=\"https:\/\/comunicacion.umh.es\/files\/2025\/12\/Rectorado-campus-Elche-2-2.jpg\"><img loading=\"lazy\" class=\"size-medium wp-image-191818 alignleft\" src=\"https:\/\/comunicacion.umh.es\/files\/2025\/12\/Rectorado-campus-Elche-2-2-300x225.jpg\" alt=\"\" width=\"300\" height=\"225\" \/><\/a>Des de la d\u00e8cada de 1990, Castells Guitart \u00e9s investigadora i professora a l&#8217;Escola de Medicina d&#8217;Harvard (els EUA), on dirigix el Centre de Dessensibilitzaci\u00f3 i Hipersensibilitat a Medicaments i el Centre de Mastocitosis de l&#8217;Hospital Brigham i de Dones. El seu treball ha transformat la forma en qu\u00e8 la medicina aborda les al\u00b7l\u00e8rgies a f\u00e0rmacs, especialment en pacients oncol\u00f2gics. Ha desenrotllat protocols de dessensibilitzaci\u00f3 a medicaments que hui s&#8217;apliquen com a est\u00e0ndards internacionals, la qual cosa ha perm\u00e9s que milers de persones continuen amb els seus tractaments sense posar en perill la seua vida. Una altra de les seues l\u00ednies d&#8217;investigaci\u00f3 clau \u00e9s la mastocitosis, un tipus de c\u00e0ncer de sang poc freq\u00fcent que apareix quan els mast\u00f2cits \u2014c\u00e8l\u00b7lules immunit\u00e0ries implicades en les al\u00b7l\u00e8rgies\u2014 es multipliquen i alliberen subst\u00e0ncies inflamat\u00f2ries de manera incontrolada. Castells ha establit nous m\u00e8todes diagn\u00f2stics i terap\u00e8utics per a la mastocitosis i ha impulsat assajos cl\u00ednics amb inhibidors de tirosina cinasa, una fam\u00edlia de f\u00e0rmacs capa\u00e7os de frenar eixa activaci\u00f3 cel\u00b7lular an\u00f2mala.<\/p>\n<p>&nbsp;<\/p>\n<p><a href=\"https:\/\/comunicacion.umh.es\/files\/2026\/01\/02-Mariana_Castells_MD._Ph.D._seen_by_Andreu_Vea_in_Barcelona_Spain_2021.jpg\"><img loading=\"lazy\" class=\"size-medium wp-image-191990 alignleft\" src=\"https:\/\/comunicacion.umh.es\/files\/2026\/01\/02-Mariana_Castells_MD._Ph.D._seen_by_Andreu_Vea_in_Barcelona_Spain_2021-225x300.jpg\" alt=\"\" width=\"225\" height=\"300\" \/><\/a><\/p>\n<p>&nbsp;<\/p>\n<p>&nbsp;<\/p>\n<p>&nbsp;<\/p>\n<p>&nbsp;<\/p>\n<p>&nbsp;<\/p>\n<p>&nbsp;<\/p>\n<p>&nbsp;<\/p>\n<p><a href=\"https:\/\/protocolo.umh.es\/files\/2026\/01\/invitacion-DHC-Santo-Tomas.pdf\">Invitaci\u00f3 DHC Santo Tom\u00e1s<\/a><\/p>\n<p><a href=\"https:\/\/protocolo.umh.es\/files\/2026\/01\/CEREMONIAL-STO-TOMAS-2026-CASTELLANO-1.pdf\" target=\"_blank\" rel=\"noopener\">CERIMONIAL STO TOMAS 2026 CASTELLANO<\/a><\/p>\n<p><a href=\"https:\/\/protocolo.umh.es\/files\/2026\/01\/CEREMONIAL-STO-TOMAS-2026-VALENCIANO-1.pdf\" target=\"_blank\" rel=\"noopener\">CERIMONIAL STO TOMAS 2026 VALENCIANO<\/a><\/p>\n<p><a href=\"https:\/\/protocolo.umh.es\/files\/2026\/01\/Cronograma-Honoris-Castells-Sto-Tomas-2026.pdf\" target=\"_blank\" rel=\"noopener\">CRONOGRAMA<\/a><\/p>\n<p>&nbsp;<\/p>\n<p>&nbsp;<\/p>\n<p>&nbsp;<\/p>\n<p>&nbsp;<\/p>","protected":false},"excerpt":{"rendered":"<p>La UMH investir\u00e0 com a Doctora Honoris causa a l&#8217;al\u00b7lerg\u00f2loga Mariana Concepci\u00f3n Castells Guitart en Sant Tom\u00e0s d&#8217;Aquino<br \/>\nL&#8217;al\u00b7lerg\u00f2loga, pionera en dessensibilitzaci\u00f3 farmacol\u00f2gica, Mariana Concepci\u00f3n Castells Guitart ser\u00e0 investida com a Doctora Honoris causa per la Universitat Miguel Hern\u00e1ndez d&#8217;Elx (UMH) durant l&#8217;acte de la festivitat de Sant Tom\u00e0s d&#8217;Aquino, que se celebrar\u00e0 el 28 de [&#8230;]<\/p>\n","protected":false},"author":6317,"featured_media":0,"comment_status":"closed","ping_status":"open","sticky":false,"template":"","format":"standard","meta":{"ngg_post_thumbnail":0,"_links_to":"","_links_to_target":""},"categories":[649,652],"tags":[],"_links":{"self":[{"href":"https:\/\/protocolo.umh.es\/ca\/wp-json\/wp\/v2\/posts\/43658"}],"collection":[{"href":"https:\/\/protocolo.umh.es\/ca\/wp-json\/wp\/v2\/posts"}],"about":[{"href":"https:\/\/protocolo.umh.es\/ca\/wp-json\/wp\/v2\/types\/post"}],"author":[{"embeddable":true,"href":"https:\/\/protocolo.umh.es\/ca\/wp-json\/wp\/v2\/users\/6317"}],"replies":[{"embeddable":true,"href":"https:\/\/protocolo.umh.es\/ca\/wp-json\/wp\/v2\/comments?post=43658"}],"version-history":[{"count":0,"href":"https:\/\/protocolo.umh.es\/ca\/wp-json\/wp\/v2\/posts\/43658\/revisions"}],"wp:attachment":[{"href":"https:\/\/protocolo.umh.es\/ca\/wp-json\/wp\/v2\/media?parent=43658"}],"wp:term":[{"taxonomy":"category","embeddable":true,"href":"https:\/\/protocolo.umh.es\/ca\/wp-json\/wp\/v2\/categories?post=43658"},{"taxonomy":"post_tag","embeddable":true,"href":"https:\/\/protocolo.umh.es\/ca\/wp-json\/wp\/v2\/tags?post=43658"}],"curies":[{"name":"wp","href":"https:\/\/api.w.org\/{rel}","templated":true}]}}