{"id":43052,"date":"2025-10-28T14:12:08","date_gmt":"2025-10-28T13:12:08","guid":{"rendered":"https:\/\/protocolo.umh.es\/?p=43052"},"modified":"2026-02-16T13:04:10","modified_gmt":"2026-02-16T12:04:10","slug":"congreso-internacional-sobre-el-cuidado-de-las-mujeres-en-la-historia","status":"publish","type":"post","link":"https:\/\/protocolo.umh.es\/ca\/2025\/10\/28\/congreso-internacional-sobre-el-cuidado-de-las-mujeres-en-la-historia\/","title":{"rendered":"Congr\u00e9s internacional sobre la cura de les dones en la Hist\u00f2ria"},"content":{"rendered":"<p><\/p>\n<div class=\"col\">\n<h2 class=\"titulo-cuerpo\">Congr\u00e9s internacional sobre la cura de les dones en la Hist\u00f2ria<\/h2>\n<\/div>\n<div class=\"w-100\"><\/div>\n<div class=\"col\">\n<p class=\"category-cabecera\"><a href=\"https:\/\/comunicacion.umh.es\/category\/noticia\/\">Noticia<\/a><\/p>\n<p><span class=\"date-cabecera\">28 octubre 2025<\/span><\/p>\n<\/div>\n<div class=\"w-100\"><\/div>\n<div class=\"col\">\n<div id=\"cuerpoPostSingle\" class=\"text-cuerpo\">\n<p>Recopilar i estudiar les receptes que usaven les dones en el Renaixement per a cuidar i cuidar-se \u00e9s l&#8217;objectiu principal del projecte RECIPE, liderat per la professora d&#8217;Hist\u00f2ria de la Ci\u00e8ncia de la Universitat Miguel Hern\u00e1ndez d&#8217;Elx (UMH) Mar\u00eda Mu\u00f1oz Benavent. En el marc d&#8217;este projecte, s&#8217;organitza un congr\u00e9s internacional que oferir\u00e0 una visi\u00f3 in\u00e8dita: el paper de les dones en la hist\u00f2ria de la ci\u00e8ncia i de la salut.<\/p>\n<p><a href=\"https:\/\/comunicacion.umh.es\/files\/2025\/10\/28-10-25-congreso-RECIPE-adaptado-CORREO.jpg\"><img loading=\"lazy\" class=\"size-medium wp-image-190057 alignleft\" src=\"https:\/\/comunicacion.umh.es\/files\/2025\/10\/28-10-25-congreso-RECIPE-adaptado-CORREO-300x225.jpg\" alt=\"\" width=\"300\" height=\"225\" \/><\/a>La trobada tindr\u00e0 lloc en l&#8217;edifici Frnacisco Javier Balmis del campus de Sant Joan d&#8217;Alacant de la UMH del 29 al 31 d&#8217;octubre. Reunir\u00e0 investigadores i investigadors experts en etnobot\u00e1nica, arxiv\u00edstica, filologia, estudis de g\u00e8nere, hist\u00f2ria de la medicina, qu\u00edmica, farm\u00e0cia i biologia de 14 universitats d&#8217;\u00c0ustria, Bulg\u00e0ria, el Canad\u00e0, Espanya, It\u00e0lia, el Regne Unit, Turquia i Espanya.<\/p>\n<p>Les pon\u00e8ncies abasten distintes tem\u00e0tiques relacionades amb la salut, des d&#8217;una perspectiva hist\u00f2rica: la menstruaci\u00f3, el part, els opiacis, la percepci\u00f3 femenina del cos i de la malaltia, receptes i herbaris, begudes medicinals, toxicologia, higiene, exercici, cosm\u00e8tica o hidroter\u00e0pia, entre altres.<\/p>\n<p>Este congr\u00e9s s&#8217;emmarca en el projecte d&#8217;investigaci\u00f3 Receptari per a les malalties femenines a Europa. Segles XVI-XVIII (CIGE\/2024\/12), finan\u00e7at per la Conselleria d\u2019Educaci\u00f3, Cultura, Universitats i Ocupaci\u00f3 de la Generalitat Valenciana.<\/p>\n<p>L&#8217;acc\u00e9s \u00e9s gratu\u00eft i no es requerix inscripci\u00f3. M\u00e9s informaci\u00f3:\u00a0<a href=\"https:\/\/recipeumh.wordpress.com\/2025\/09\/09\/congreso-internacional-del-o-recipe-el-cuidado-de-las-mujeres-en-la-historia\/\">https:\/\/recipeumh.wordpress.com\/2025\/09\/09\/congreso-internacional-del-o-recipe-el-cuidado-de-las-mujeres-en-la-historia\/<\/a><\/p>\n<\/div>\n<\/div>\n<p><\/p>","protected":false},"excerpt":{"rendered":"<p>Congr\u00e9s internacional sobre la cura de les dones en la Hist\u00f2ria<\/p>\n<p>Noticia<br \/>\n28 octubre 2025<\/p>\n<p>Recopilar i estudiar les receptes que usaven les dones en el Renaixement per a cuidar i cuidar-se \u00e9s l&#8217;objectiu principal del projecte RECIPE, liderat per la professora d&#8217;Hist\u00f2ria de la Ci\u00e8ncia de la Universitat Miguel Hern\u00e1ndez d&#8217;Elx (UMH) Mar\u00eda Mu\u00f1oz Benavent. En el [&#8230;]<\/p>\n","protected":false},"author":6317,"featured_media":0,"comment_status":"closed","ping_status":"open","sticky":false,"template":"","format":"standard","meta":{"ngg_post_thumbnail":0,"_links_to":"","_links_to_target":""},"categories":[3109],"tags":[],"_links":{"self":[{"href":"https:\/\/protocolo.umh.es\/ca\/wp-json\/wp\/v2\/posts\/43052"}],"collection":[{"href":"https:\/\/protocolo.umh.es\/ca\/wp-json\/wp\/v2\/posts"}],"about":[{"href":"https:\/\/protocolo.umh.es\/ca\/wp-json\/wp\/v2\/types\/post"}],"author":[{"embeddable":true,"href":"https:\/\/protocolo.umh.es\/ca\/wp-json\/wp\/v2\/users\/6317"}],"replies":[{"embeddable":true,"href":"https:\/\/protocolo.umh.es\/ca\/wp-json\/wp\/v2\/comments?post=43052"}],"version-history":[{"count":0,"href":"https:\/\/protocolo.umh.es\/ca\/wp-json\/wp\/v2\/posts\/43052\/revisions"}],"wp:attachment":[{"href":"https:\/\/protocolo.umh.es\/ca\/wp-json\/wp\/v2\/media?parent=43052"}],"wp:term":[{"taxonomy":"category","embeddable":true,"href":"https:\/\/protocolo.umh.es\/ca\/wp-json\/wp\/v2\/categories?post=43052"},{"taxonomy":"post_tag","embeddable":true,"href":"https:\/\/protocolo.umh.es\/ca\/wp-json\/wp\/v2\/tags?post=43052"}],"curies":[{"name":"wp","href":"https:\/\/api.w.org\/{rel}","templated":true}]}}