{"id":4009,"date":"2016-12-20T14:05:30","date_gmt":"2016-12-20T13:05:30","guid":{"rendered":"http:\/\/protocolo.umh.es\/?p=4009"},"modified":"2026-03-02T11:03:14","modified_gmt":"2026-03-02T10:03:14","slug":"el-rector-acude-a-la-presentacion-de-la-catedra-institucional-de-estudios-artisticos-anneta-nicoli","status":"publish","type":"post","link":"https:\/\/protocolo.umh.es\/ca\/2016\/12\/20\/el-rector-acude-a-la-presentacion-de-la-catedra-institucional-de-estudios-artisticos-anneta-nicoli\/","title":{"rendered":"El Rector acudix a la presentaci\u00f3 de la C\u00e0tedra Institucional d&#8217;Estudis Art\u00edstics &#8220;Anneta *Nicoli&#8221;"},"content":{"rendered":"<p><\/p>\n<p style=\"text-align: justify\">El rector de la Universitat Miguel Hern\u00e1ndez (UMH) d&#8217;Elx, Jes\u00fas T. Pastor Ciurana, juntament amb l&#8217;alcalde d&#8217;Altea, Jaume Llinares, han presentat este mat\u00ed la C\u00e0tedra Institucional d&#8217;Estudis Art\u00edstics \u201cAnneta Nicoli\u201d de la UMH en el Centre Cultural Gadea (Altea), seu d&#8217;esta. La C\u00e0tedra estar\u00e0 dirigida pel professor de l&#8217;\u00c0rea d&#8217;Escultura de la UMH Daniel Tejero i la secret\u00e0ria ser\u00e0 la professora de l&#8217;\u00c0rea de Dibuix de la UMH Carmen Garc\u00eda Muriana.<\/p>\n<p style=\"text-align: justify\"><a href=\"https:\/\/protocolo.umh.es\/files\/2016\/12\/20-12-16-C\u00c1TEDRA-NICOLI-2-300x225.jpg\"><img loading=\"lazy\" class=\"alignnone size-medium wp-image-4010\" src=\"https:\/\/protocolo.umh.es\/files\/2016\/12\/20-12-16-C\u00c1TEDRA-NICOLI-2-300x225-300x225.jpg\" alt=\"20-12-16-catedra-nicoli-2-300x225\" width=\"300\" height=\"225\" \/><\/a> <a href=\"https:\/\/protocolo.umh.es\/files\/2016\/12\/IMG_5842.jpg\"><img loading=\"lazy\" class=\"alignnone size-medium wp-image-4011\" src=\"https:\/\/protocolo.umh.es\/files\/2016\/12\/IMG_5842-300x225.jpg\" alt=\"img_5842\" width=\"300\" height=\"225\" srcset=\"https:\/\/protocolo.umh.es\/files\/2016\/12\/IMG_5842-300x225.jpg 300w, https:\/\/protocolo.umh.es\/files\/2016\/12\/IMG_5842.jpg 640w\" sizes=\"(max-width: 300px) 100vw, 300px\" \/><\/a><\/p>\n<p>A m\u00e9s, a la presentaci\u00f3 han assistit la vicerectora de Cultura i Extensi\u00f3 Universit\u00e0ria de la Universitat, Tatiana Sentamans, la secret\u00e0ria general, Mercedes S\u00e1nchez, la vicerectora de Professorat, Eva Aliaga, el regidor de Cultura de la localitat, Diego Zaragoz\u00ed, aix\u00ed com membres de la corporaci\u00f3.<\/p>\n<p>La C\u00e0tedra d&#8217;Estudis Art\u00edstics \u201cAnneta Nicoli\u201d, dependent del Vicerectorat de Relacions Institucionals de la UMH, estar\u00e0 situada en el Centre Cultural Gadea de l\u2019Ajuntament d\u2019Altea i adscrita al campus d&#8217;Altea de la Universitat Miguel Hern\u00e1ndez d&#8217;Elx.<\/p>\n<p>Anneta Nicoli (Altea 1841- El Campello1893) va ser una cantant d&#8217;\u00d2pera alteana, filla de Miguel Jorro, diplom\u00e0tic i propietari de la finca de la Moreria, despr\u00e9s propietat del seu germ\u00e0 Vicente, el comte d&#8217;Altea. Ana Jorro G\u00f3mez, \u201cAnneta\u201d, va estar casada amb l&#8217;escultor de Carrara (It\u00e0lia) Silvio Nicoli i va viure entre Roma, Flor\u00e8ncia i Altea. Va morir de viatge a Alacant, al Campello, segons informaci\u00f3 del llibre Altea 1896-1955 (La Tert\u00falia, 1986).<\/p>\n<p><!-- A\u00f1adido --> <!-- [if lt IE 9]&gt;--><\/p>\n<div id=\"body-core\" class=\"hfeed site\"><\/div>\n<p><!--more--><\/p>","protected":false},"excerpt":{"rendered":"<p>El rector de la Universitat Miguel Hern\u00e1ndez (UMH) d&#8217;Elx, Jes\u00fas T. Pastor Ciurana, juntament amb l&#8217;alcalde d&#8217;Altea, Jaume Llinares, han presentat este mat\u00ed la C\u00e0tedra Institucional d&#8217;Estudis Art\u00edstics \u201cAnneta Nicoli\u201d de la UMH en el Centre Cultural Gadea (Altea), seu d&#8217;esta. La C\u00e0tedra estar\u00e0 dirigida pel professor de l&#8217;\u00c0rea d&#8217;Escultura de la UMH Daniel Tejero [&#8230;]<\/p>\n","protected":false},"author":3400,"featured_media":0,"comment_status":"closed","ping_status":"open","sticky":false,"template":"","format":"standard","meta":{"ngg_post_thumbnail":0,"_links_to":"","_links_to_target":""},"categories":[3103],"tags":[48382],"_links":{"self":[{"href":"https:\/\/protocolo.umh.es\/ca\/wp-json\/wp\/v2\/posts\/4009"}],"collection":[{"href":"https:\/\/protocolo.umh.es\/ca\/wp-json\/wp\/v2\/posts"}],"about":[{"href":"https:\/\/protocolo.umh.es\/ca\/wp-json\/wp\/v2\/types\/post"}],"author":[{"embeddable":true,"href":"https:\/\/protocolo.umh.es\/ca\/wp-json\/wp\/v2\/users\/3400"}],"replies":[{"embeddable":true,"href":"https:\/\/protocolo.umh.es\/ca\/wp-json\/wp\/v2\/comments?post=4009"}],"version-history":[{"count":0,"href":"https:\/\/protocolo.umh.es\/ca\/wp-json\/wp\/v2\/posts\/4009\/revisions"}],"wp:attachment":[{"href":"https:\/\/protocolo.umh.es\/ca\/wp-json\/wp\/v2\/media?parent=4009"}],"wp:term":[{"taxonomy":"category","embeddable":true,"href":"https:\/\/protocolo.umh.es\/ca\/wp-json\/wp\/v2\/categories?post=4009"},{"taxonomy":"post_tag","embeddable":true,"href":"https:\/\/protocolo.umh.es\/ca\/wp-json\/wp\/v2\/tags?post=4009"}],"curies":[{"name":"wp","href":"https:\/\/api.w.org\/{rel}","templated":true}]}}