{"id":3857,"date":"2016-12-14T13:07:53","date_gmt":"2016-12-14T12:07:53","guid":{"rendered":"http:\/\/protocolo.umh.es\/?p=3857"},"modified":"2026-02-25T12:31:18","modified_gmt":"2026-02-25T11:31:18","slug":"el-grupo-de-investigacion-de-calidad-y-seguridad-alimentaria-de-la-umh-recibe-el-xxv-premio-bocopa","status":"publish","type":"post","link":"https:\/\/protocolo.umh.es\/ca\/2016\/12\/14\/el-grupo-de-investigacion-de-calidad-y-seguridad-alimentaria-de-la-umh-recibe-el-xxv-premio-bocopa\/","title":{"rendered":"El Grup d&#8217;Investigaci\u00f3 de Qualitat i Seguretat Aliment\u00e0ria de la UMH rep el XXV Premi *Bocopa"},"content":{"rendered":"<p>El passat dia 1 de desembre el Rector de la Universitat Miguel Hern\u00e1ndez (UMH) d&#8217;Elx va acudir a la XXV edici\u00f3 dels Premis Bocopa, a l&#8217;Auditori de la Diputaci\u00f3 Provincial ADDA, per a arreplegar el premi que enguany s&#8217;ha concedit al Grup d&#8217;Investigaci\u00f3 de Qualitat i Seguretat Aliment\u00e0ria de la UMH. A l&#8217;escenari tamb\u00e9 van pujar el director de l&#8217;equip investigador, \u00c1ngel Carbonell, i el professor Francisco Burl\u00f3 per a fer-los lliurament d&#8217;un reconeixement a la seua labor.<\/p>\n<p>L&#8217;acte va comptar amb la pres\u00e8ncia de la consellera d&#8217;Agricultura, Medi Ambient, Canvi Clim\u00e0tic i Desenrotllament Rural, Elena Cebri\u00e1n Calvo; el secretari auton\u00f2mic d&#8217;Agricultura i Desenrotllament Rural, Francisco Rodr\u00edguez Mulero, aix\u00ed com el president de la Cambra de comer\u00e7, Juan Bautista Riera, i el delegat provincial del Ministeri d&#8217;Agricultura, Vicente Valero.<\/p>\n<p style=\"text-align: justify\"><a href=\"https:\/\/protocolo.umh.es\/files\/2016\/12\/IMG_1898.jpg\"><img loading=\"lazy\" class=\"alignnone wp-image-3859\" src=\"https:\/\/protocolo.umh.es\/files\/2016\/12\/IMG_1898-300x225.jpg\" alt=\"img_1898\" width=\"376\" height=\"282\" srcset=\"https:\/\/protocolo.umh.es\/files\/2016\/12\/IMG_1898-300x225.jpg 300w, https:\/\/protocolo.umh.es\/files\/2016\/12\/IMG_1898-768x576.jpg 768w, https:\/\/protocolo.umh.es\/files\/2016\/12\/IMG_1898-1024x768.jpg 1024w\" sizes=\"(max-width: 376px) 100vw, 376px\" \/><\/a><img loading=\"lazy\" class=\"wp-image-3865 alignleft\" src=\"https:\/\/protocolo.umh.es\/files\/2016\/12\/IMG_1905-1-225x300.jpg\" alt=\"img_1905\" width=\"206\" height=\"274\" srcset=\"https:\/\/protocolo.umh.es\/files\/2016\/12\/IMG_1905-1-225x300.jpg 225w, https:\/\/protocolo.umh.es\/files\/2016\/12\/IMG_1905-1-768x1024.jpg 768w\" sizes=\"(max-width: 206px) 100vw, 206px\" \/>\u00a0 \u00a0<a href=\"https:\/\/protocolo.umh.es\/files\/2016\/12\/IMG_1904.jpg\"><img loading=\"lazy\" class=\"size-medium wp-image-3860 alignleft\" src=\"https:\/\/protocolo.umh.es\/files\/2016\/12\/IMG_1904-300x225.jpg\" alt=\"img_1904\" width=\"300\" height=\"225\" srcset=\"https:\/\/protocolo.umh.es\/files\/2016\/12\/IMG_1904-300x225.jpg 300w, https:\/\/protocolo.umh.es\/files\/2016\/12\/IMG_1904-768x576.jpg 768w, https:\/\/protocolo.umh.es\/files\/2016\/12\/IMG_1904-1024x768.jpg 1024w\" sizes=\"(max-width: 300px) 100vw, 300px\" \/><\/a><img loading=\"lazy\" class=\"alignnone size-medium wp-image-3862\" src=\"https:\/\/protocolo.umh.es\/files\/2016\/12\/IMG_1912-300x225.jpg\" alt=\"img_1912\" width=\"300\" height=\"225\" srcset=\"https:\/\/protocolo.umh.es\/files\/2016\/12\/IMG_1912-300x225.jpg 300w, https:\/\/protocolo.umh.es\/files\/2016\/12\/IMG_1912-768x576.jpg 768w, https:\/\/protocolo.umh.es\/files\/2016\/12\/IMG_1912-1024x768.jpg 1024w\" sizes=\"(max-width: 300px) 100vw, 300px\" \/><\/p>\n<p><\/p>","protected":false},"excerpt":{"rendered":"<p>El passat dia 1 de desembre el Rector de la Universitat Miguel Hern\u00e1ndez (UMH) d&#8217;Elx va acudir a la XXV edici\u00f3 dels Premis Bocopa, a l&#8217;Auditori de la Diputaci\u00f3 Provincial ADDA, per a arreplegar el premi que enguany s&#8217;ha concedit al Grup d&#8217;Investigaci\u00f3 de Qualitat i Seguretat Aliment\u00e0ria de la UMH. A l&#8217;escenari tamb\u00e9 van [&#8230;]<\/p>\n","protected":false},"author":3400,"featured_media":0,"comment_status":"closed","ping_status":"open","sticky":false,"template":"","format":"standard","meta":{"ngg_post_thumbnail":0,"_links_to":"","_links_to_target":""},"categories":[4617],"tags":[48382],"_links":{"self":[{"href":"https:\/\/protocolo.umh.es\/ca\/wp-json\/wp\/v2\/posts\/3857"}],"collection":[{"href":"https:\/\/protocolo.umh.es\/ca\/wp-json\/wp\/v2\/posts"}],"about":[{"href":"https:\/\/protocolo.umh.es\/ca\/wp-json\/wp\/v2\/types\/post"}],"author":[{"embeddable":true,"href":"https:\/\/protocolo.umh.es\/ca\/wp-json\/wp\/v2\/users\/3400"}],"replies":[{"embeddable":true,"href":"https:\/\/protocolo.umh.es\/ca\/wp-json\/wp\/v2\/comments?post=3857"}],"version-history":[{"count":0,"href":"https:\/\/protocolo.umh.es\/ca\/wp-json\/wp\/v2\/posts\/3857\/revisions"}],"wp:attachment":[{"href":"https:\/\/protocolo.umh.es\/ca\/wp-json\/wp\/v2\/media?parent=3857"}],"wp:term":[{"taxonomy":"category","embeddable":true,"href":"https:\/\/protocolo.umh.es\/ca\/wp-json\/wp\/v2\/categories?post=3857"},{"taxonomy":"post_tag","embeddable":true,"href":"https:\/\/protocolo.umh.es\/ca\/wp-json\/wp\/v2\/tags?post=3857"}],"curies":[{"name":"wp","href":"https:\/\/api.w.org\/{rel}","templated":true}]}}