{"id":37104,"date":"2024-06-26T09:02:51","date_gmt":"2024-06-26T07:02:51","guid":{"rendered":"https:\/\/protocolo.umh.es\/?p=37104"},"modified":"2026-02-16T11:07:09","modified_gmt":"2026-02-16T10:07:09","slug":"entrega-de-la-xvii-edicion-de-los-premios-del-consejo-social","status":"publish","type":"post","link":"https:\/\/protocolo.umh.es\/ca\/2024\/06\/26\/entrega-de-la-xvii-edicion-de-los-premios-del-consejo-social\/","title":{"rendered":"Lliurament de la XVII edici\u00f3 dels Premis del Consell Social"},"content":{"rendered":"<p>El Consell Social de la Universitat Miguel Hern\u00e1ndez d&#8217;Elx (UMH) ha celebrat este mat\u00ed la gala de lliurament de premis de la seua XVII edici\u00f3.\u00a0L&#8217;acte ha tingut lloc en la Sala d&#8217;actes de l&#8217;edifici Rectorat i Consell Social del campus d&#8217;Elx. Amb estos guardons, el Consell Social reconeix el treball, l&#8217;esfor\u00e7 i la traject\u00f2ria dels qui contribu\u00efxen al desenrotllament social, econ\u00f2mic, cultural i educatiu.<\/p>\n<p><a href=\"https:\/\/comunicacion.umh.es\/files\/2024\/06\/19-06-24-premios-consejo-social.jpg\"><img loading=\"lazy\" class=\"size-medium wp-image-176601 alignleft\" src=\"https:\/\/comunicacion.umh.es\/files\/2024\/06\/19-06-24-premios-consejo-social-300x225.jpg\" alt=\"\" width=\"300\" height=\"225\" \/><\/a><\/p>\n<p>A la cerim\u00f2nia han assistit, entre altres personalitats, el rector de la UMH, Juan Jos\u00e9 Ruiz Mart\u00ednez; el president del Consell Social, Joaqu\u00edn P\u00e9rez V\u00e1zquez; i el director general d&#8217;Universitats, Jos\u00e9 Antonio P\u00e9rez Juan.<\/p>\n<p>En la categoria \u2018Empreses i Institucions\u2019, que reconeix a societats mercantils o altres entitats que es distingisquen per la seua especial col\u00b7laboraci\u00f3 amb la UMH, el premi ha recaigut en la companyia PLD SPACE del Parc Cient\u00edfic de la UMH. Quant a la categoria \u2018Investigaci\u00f3 i Transfer\u00e8ncia\u2019, que premia el treball d&#8217;investigaci\u00f3 \/ transfer\u00e8ncia de coneixement desenrotllat per persones o grups d&#8217;investigaci\u00f3 de la UMH, la catedr\u00e0tica de l&#8217;\u00c0rea de Qu\u00edmica Org\u00e0nica de la UMH \u00c1ngela Sastre Santos ha rebut el reconeixement en la modalitat \u2018Grup d&#8217;Investigaci\u00f3\u2019; mentres que el professor de l&#8217;\u00c0rea de Dret Civil Manuel Ortiz Fern\u00e1ndez l&#8217;ha rebut en la modalitat \u2018Jove investigador. Per part seua, David P\u00e9rez Montava i Laura Faus Ferrer han sigut guardonats en la categoria \u2018Estudiants\u2019, que reconeix la traject\u00f2ria de l&#8217;estudiantat oficial de la UMH, valorant els resultats acad\u00e8mics, l&#8217;experi\u00e8ncia i les habilitats professionals, la mobilitat i internacionalitzaci\u00f3 i la dimensi\u00f3 social del seu curr\u00edculum. Els guardons de la categoria \u2018Excel\u00b7l\u00e8ncia docent\u2019 han sigut per al catedr\u00e0tic de l&#8217;\u00c0rea de Medicina, Jos\u00e9 Manuel Ramos Rinc\u00f3n; el professor de l&#8217;\u00c0rea d&#8217;Enginyeria de Sistemes i Autom\u00e0tica Adri\u00e1n Peidr\u00f3 Vidal; i la professora de l&#8217;\u00c0rea de Dret Financer i Tributari Paula Vicente-Arche Coloma. Aix\u00ed mateix, el premi de la categoria \u2018Accions d&#8217;Innovaci\u00f3 en la Gesti\u00f3\u2019, encarregada de recon\u00e9ixer la labor i les experi\u00e8ncies innovadores desenrotllades per servicis, oficines, unitats administratives i membres de la comunitat acad\u00e8mica de la UMH, ha recaigut en el Servici de Relacions Internacionals i Cooperaci\u00f3 al Desenrotllament i Voluntariat de la UMH.<\/p>\n<p>L&#8217;Associaci\u00f3 de Periodistes de la Prov\u00edncia d&#8217;Alacant ha rebut el guard\u00f3 de la categoria \u2018Entitat sense \u00e0nim de lucre\u2019, que premia la labor d&#8217;una associaci\u00f3 o entitat sense \u00e0nim de lucre, que destaque en el transcurs de l&#8217;any per la seua labor cultural, humanit\u00e0ria, solid\u00e0ria o, especialment. en la seua contribuci\u00f3 a qualsevol dels Objectius de Desenrotllament Sostenible (ODS) de l&#8217;Agenda 2030 de Nacions Unides. L&#8217;equip de voleibol de la UMH ha rebut el guard\u00f3 de la categoria \u2018Esport universitari\u2019, que reconeix la traject\u00f2ria esportiva d&#8217;una persona, equip o entitat pertanyents a la comunitat universit\u00e0ria o guarden una especial relaci\u00f3 o vinculaci\u00f3 amb la UMH, valorant per a aix\u00f2 els resultats esportius obtinguts, iniciatives o activitats realitzades, especialment aquelles amb un impacte social, el desenrotllament de valors a trav\u00e9s de l&#8217;esport o la contribuci\u00f3 a la consecuci\u00f3 dels Objectius de Desenrotllament Sostenible de l&#8217;Agenda 2030 de Nacions Unides. Aix\u00ed mateix, les Aules Universit\u00e0ries de l&#8217;Experi\u00e8ncia (AUNEX) de la UMH han sigut premiades en la categoria \u2018Rellev\u00e0ncia Social\u2019, que reconeix la traject\u00f2ria de persones, f\u00edsiques o jur\u00eddiques, que hagen desenrotllat una labor destacada en l&#8217;\u00e0mbit social, valorant-se especialment la seua contribuci\u00f3 a qualsevol dels Objectius de Desenrotllament Sostenible (ODS) de l&#8217;Agenda 2030 de Nacions Unides. El premi de la categoria \u2018Empresa de base tecnol\u00f2gica, innovadora o basada en coneixement\u2019 reconeix l&#8217;esfor\u00e7 i la labor de la comunitat universit\u00e0ria de la UMH en la creaci\u00f3 d&#8217;empreses innovadores, basades en tecnologia i coneixement, com mig de transfer\u00e8ncia dels seus resultats a la societat. En este sentit, el premi ha recaigut en la spin-off Prospera Biotech, S.L del Parc Cient\u00edfic de la Universitat. Finalment, el Consell Social ha entregat el premi de la categoria \u2018Comprom\u00eds amb la Igualtat, Inclusi\u00f3 i Sostenibilitat\u2019 a Marina Marroqu\u00ed. En concret, es tracta d&#8217;una categoria que reconeix la traject\u00f2ria d&#8217;una persona o entitat que pertanga o no a la comunitat universit\u00e0ria i que haja desenrotllat una activitat destacada en pro de la igualtat, la inclusi\u00f3 i la sostenibilitat (especialment en la seua contribuci\u00f3 a qualsevol dels Objectius de Desenrotllament Sostenible de l&#8217;Agenda 2030 de Nacions Unides).<\/p>","protected":false},"excerpt":{"rendered":"<p>El Consell Social de la Universitat Miguel Hern\u00e1ndez d&#8217;Elx (UMH) ha celebrat este mat\u00ed la gala de lliurament de premis de la seua XVII edici\u00f3.\u00a0L&#8217;acte ha tingut lloc en la Sala d&#8217;actes de l&#8217;edifici Rectorat i Consell Social del campus d&#8217;Elx. Amb estos guardons, el Consell Social reconeix el treball, l&#8217;esfor\u00e7 i la traject\u00f2ria dels [&#8230;]<\/p>\n","protected":false},"author":617,"featured_media":0,"comment_status":"closed","ping_status":"open","sticky":false,"template":"","format":"standard","meta":{"ngg_post_thumbnail":0,"_links_to":"","_links_to_target":""},"categories":[2898,3406],"tags":[],"_links":{"self":[{"href":"https:\/\/protocolo.umh.es\/ca\/wp-json\/wp\/v2\/posts\/37104"}],"collection":[{"href":"https:\/\/protocolo.umh.es\/ca\/wp-json\/wp\/v2\/posts"}],"about":[{"href":"https:\/\/protocolo.umh.es\/ca\/wp-json\/wp\/v2\/types\/post"}],"author":[{"embeddable":true,"href":"https:\/\/protocolo.umh.es\/ca\/wp-json\/wp\/v2\/users\/617"}],"replies":[{"embeddable":true,"href":"https:\/\/protocolo.umh.es\/ca\/wp-json\/wp\/v2\/comments?post=37104"}],"version-history":[{"count":0,"href":"https:\/\/protocolo.umh.es\/ca\/wp-json\/wp\/v2\/posts\/37104\/revisions"}],"wp:attachment":[{"href":"https:\/\/protocolo.umh.es\/ca\/wp-json\/wp\/v2\/media?parent=37104"}],"wp:term":[{"taxonomy":"category","embeddable":true,"href":"https:\/\/protocolo.umh.es\/ca\/wp-json\/wp\/v2\/categories?post=37104"},{"taxonomy":"post_tag","embeddable":true,"href":"https:\/\/protocolo.umh.es\/ca\/wp-json\/wp\/v2\/tags?post=37104"}],"curies":[{"name":"wp","href":"https:\/\/api.w.org\/{rel}","templated":true}]}}