{"id":3666,"date":"2016-10-18T13:57:51","date_gmt":"2016-10-18T11:57:51","guid":{"rendered":"http:\/\/protocolo.umh.es\/?p=3666"},"modified":"2026-03-02T11:08:19","modified_gmt":"2026-03-02T10:08:19","slug":"el-rector-y-la-vicerrectora-de-cultura-y-extension-universitaria-presentan-los-cursos-de-invierno-de-la-umh","status":"publish","type":"post","link":"https:\/\/protocolo.umh.es\/ca\/2016\/10\/18\/el-rector-y-la-vicerrectora-de-cultura-y-extension-universitaria-presentan-los-cursos-de-invierno-de-la-umh\/","title":{"rendered":"El Rector i la Vicerectora de Cultura i Extensi\u00f3 Universit\u00e0ria presenten els Cursos d&#8217;Hivern de la UMH"},"content":{"rendered":"<p>Este mat\u00ed s&#8217;ha presentat l&#8217;oferta de 40 Cursos de Inverno de la Universitat Miguel Hern\u00e1ndez (UMH) d&#8217;Elx per a este curs acad\u00e8mic 2016-2017. A l&#8217;acte ha acudit el Rector de la UMH, Jes\u00fas T. Pastor Ciurana, la Vicerectora de Cultura i Extensi\u00f3 Universit\u00e0ria, Tatiana Sentamans G\u00f3mez, i la Vicerectora Adjunta d&#8217;Extensi\u00f3 Universit\u00e0ria, Esher Fuentes Marhuenda.<\/p>\n<p>\u201cEntintat i color digital per a c\u00f2mic\u201d, \u201cMonitor de l&#8217;Escola d&#8217;Estiu de la UMH\u201d o \u201cFosa de bronze a la pellorfa cer\u00e0mica. T\u00e8cnica de la bugada per volteig\u201d s\u00f3n alguns dels Cursos d&#8217;Hivern que ha programat el Vicerectorat de Cultura i Extensi\u00f3 Universit\u00e0ria de la UMH d&#8217;Elx. Estos Cursos s&#8217;impartiran a partir de novembre en els quatre campus de la UMH i en la seu del Campello. El per\u00edode de matr\u00edcula est\u00e0 obert i es pot realitzar en l&#8217;enlla\u00e7 <a href=\"https:\/\/cultura.umh.es\/\">https:\/\/cultura.umh.es.<\/a><\/p>\n<p>L&#8217;objectiu dels Cursos \u00e9s que complementen el curr\u00edculum dels estudiants, encara que estan dirigits, tamb\u00e9, a tota la comunitat universit\u00e0ria, aix\u00ed com a qualsevol persona interessada.\u00a0Entre la programaci\u00f3 destaquen Cursos com el de \u201cRetrat pict\u00f2ric\u201d, \u201cIntroducci\u00f3 a l&#8217;observaci\u00f3 astron\u00f2mica\u201d, \u201cBases en medicina pal\u00b7liativa\u201d o el de \u201cLlenguatge de signes\u201d.<\/p>\n<p>M\u00e9s informaci\u00f3 sobre la programaci\u00f3 en l&#8217;enlla\u00e7 <a href=\"https:\/\/cultura.umh.es\/es\/novedades\/cursosdhivern\/\">https:\/\/cultura.umh.es\/es\/novedades\/cursosdhivern\/<\/a><\/p>\n<p><a href=\"https:\/\/protocolo.umh.es\/files\/2016\/10\/18-10-16-cursos-invierno-300x200.jpg\"><img loading=\"lazy\" class=\"size-medium wp-image-3667 aligncenter\" src=\"https:\/\/protocolo.umh.es\/files\/2016\/10\/18-10-16-cursos-invierno-300x200-300x200.jpg\" alt=\"18-10-16-cursos-invierno-300x200\" width=\"300\" height=\"200\" \/><\/a><\/p>","protected":false},"excerpt":{"rendered":"<p>Este mat\u00ed s&#8217;ha presentat l&#8217;oferta de 40 Cursos de Inverno de la Universitat Miguel Hern\u00e1ndez (UMH) d&#8217;Elx per a este curs acad\u00e8mic 2016-2017. A l&#8217;acte ha acudit el Rector de la UMH, Jes\u00fas T. Pastor Ciurana, la Vicerectora de Cultura i Extensi\u00f3 Universit\u00e0ria, Tatiana Sentamans G\u00f3mez, i la Vicerectora Adjunta d&#8217;Extensi\u00f3 Universit\u00e0ria, Esher Fuentes Marhuenda.<br \/>\n\u201cEntintat [&#8230;]<\/p>\n","protected":false},"author":3400,"featured_media":0,"comment_status":"closed","ping_status":"open","sticky":false,"template":"","format":"standard","meta":{"ngg_post_thumbnail":0,"_links_to":"","_links_to_target":""},"categories":[3103],"tags":[48382],"_links":{"self":[{"href":"https:\/\/protocolo.umh.es\/ca\/wp-json\/wp\/v2\/posts\/3666"}],"collection":[{"href":"https:\/\/protocolo.umh.es\/ca\/wp-json\/wp\/v2\/posts"}],"about":[{"href":"https:\/\/protocolo.umh.es\/ca\/wp-json\/wp\/v2\/types\/post"}],"author":[{"embeddable":true,"href":"https:\/\/protocolo.umh.es\/ca\/wp-json\/wp\/v2\/users\/3400"}],"replies":[{"embeddable":true,"href":"https:\/\/protocolo.umh.es\/ca\/wp-json\/wp\/v2\/comments?post=3666"}],"version-history":[{"count":0,"href":"https:\/\/protocolo.umh.es\/ca\/wp-json\/wp\/v2\/posts\/3666\/revisions"}],"wp:attachment":[{"href":"https:\/\/protocolo.umh.es\/ca\/wp-json\/wp\/v2\/media?parent=3666"}],"wp:term":[{"taxonomy":"category","embeddable":true,"href":"https:\/\/protocolo.umh.es\/ca\/wp-json\/wp\/v2\/categories?post=3666"},{"taxonomy":"post_tag","embeddable":true,"href":"https:\/\/protocolo.umh.es\/ca\/wp-json\/wp\/v2\/tags?post=3666"}],"curies":[{"name":"wp","href":"https:\/\/api.w.org\/{rel}","templated":true}]}}