{"id":3614,"date":"2016-09-15T14:47:55","date_gmt":"2016-09-15T12:47:55","guid":{"rendered":"http:\/\/protocolo.umh.es\/?p=3614"},"modified":"2026-02-25T12:38:08","modified_gmt":"2026-02-25T11:38:08","slug":"i-premio-internacional-fabiane-carvalho-miranda","status":"publish","type":"post","link":"https:\/\/protocolo.umh.es\/ca\/2016\/09\/15\/i-premio-internacional-fabiane-carvalho-miranda\/","title":{"rendered":"I Premi Internacional Fabiane Carvalho Miranda"},"content":{"rendered":"<p>La vicerectora de Relacions Institucionals de la UMH, Mar\u00eda Teresa P\u00e9rez V\u00e1zquez, i el professor de la UMH i tresorer de l&#8217;Associaci\u00f3 Colibr\u00ed d&#8217;Esclerosi M\u00faltiple (ACEM) de Santa Pola, Pablo Corral Gonz\u00e1lez, han entregat este mat\u00ed l&#8217;I Premi Internacional Fabiane Carvalho Miranda a Vanessa de Lima Meirelles Nunes pel treball \u201cUma vida de supera\u00e7\u00e3o\u201d (\u201cUna vida de superaci\u00f3\u201d). Este Premi, creat per la UMH i la ACEM de Santa Pola , est\u00e0 dotat amb 1.000 euros. L&#8217;acte de lliurament ha tingut lloc en el Baluard del Duc d&#8217;Arcs al Castell Fortalesa de Santa Pola.<\/p>\n<p>Este premi de la categoria Solidaritat i Esclerosi M\u00faltiple t\u00e9 com a objectiu recon\u00e9ixer la labor de persones que treballen per a millorar l&#8217;autonomia, integraci\u00f3 i\/o independ\u00e8ncia de persones amb Esclerosi M\u00faltiple, aix\u00ed com fer costat a les seues fam\u00edlies i cuidadors i contribuir a la divulgaci\u00f3 de la malaltia per a sensibilitzar a la societat.<\/p>\n<p>Per a seleccionar el projecte guanyador, el jurat ha valorat criteris com, per exemple, el grau d&#8217;innovaci\u00f3 de la iniciativa presentada, els resultats obtinguts o la rellev\u00e0ncia social del treball.<\/p>\n<p>El jurat ha estat format per la vicerectora de Relacions Institucionals de la UMH, Mar\u00eda Teresa P\u00e9rez V\u00e1zquez, el president de Creu Roja de la Comunitat Valenciana, Francisco Javier Gimeno Blanes, el president de la Confederaci\u00f3 Espanyola de Persones amb Discapacitat F\u00edsica i Org\u00e0nica (COCEMFE) Alacant, Antonio Ruescas, la secret\u00e0ria de ACEM, Mar\u00eda \u00c1ngela Pere\u00f1a Caballero, i el tresorer de l&#8217;associaci\u00f3, Pablo Corral Gonz\u00e1lez.<\/p>\n<p><a href=\"https:\/\/protocolo.umh.es\/files\/2016\/09\/image1.jpg\"><img loading=\"lazy\" class=\"alignnone size-medium wp-image-3615\" src=\"https:\/\/protocolo.umh.es\/files\/2016\/09\/image1-300x225.jpg\" alt=\"image1\" width=\"300\" height=\"225\" srcset=\"https:\/\/protocolo.umh.es\/files\/2016\/09\/image1-300x225.jpg 300w, https:\/\/protocolo.umh.es\/files\/2016\/09\/image1-768x576.jpg 768w, https:\/\/protocolo.umh.es\/files\/2016\/09\/image1-1024x768.jpg 1024w\" sizes=\"(max-width: 300px) 100vw, 300px\" \/><\/a>\u00a0<a href=\"https:\/\/protocolo.umh.es\/files\/2016\/09\/image2.jpg\"><img loading=\"lazy\" class=\"alignnone size-medium wp-image-3616\" src=\"https:\/\/protocolo.umh.es\/files\/2016\/09\/image2-300x225.jpg\" alt=\"image2\" width=\"300\" height=\"225\" srcset=\"https:\/\/protocolo.umh.es\/files\/2016\/09\/image2-300x225.jpg 300w, https:\/\/protocolo.umh.es\/files\/2016\/09\/image2-768x576.jpg 768w, https:\/\/protocolo.umh.es\/files\/2016\/09\/image2-1024x768.jpg 1024w\" sizes=\"(max-width: 300px) 100vw, 300px\" \/><\/a><\/p>\n<p><a href=\"https:\/\/protocolo.umh.es\/files\/2016\/09\/IMG_6699.jpg\"><img loading=\"lazy\" class=\"alignnone wp-image-3617\" src=\"https:\/\/protocolo.umh.es\/files\/2016\/09\/IMG_6699-300x225.jpg\" alt=\"img_6699\" width=\"199\" height=\"149\" srcset=\"https:\/\/protocolo.umh.es\/files\/2016\/09\/IMG_6699-300x225.jpg 300w, https:\/\/protocolo.umh.es\/files\/2016\/09\/IMG_6699-768x576.jpg 768w, https:\/\/protocolo.umh.es\/files\/2016\/09\/IMG_6699-1024x768.jpg 1024w\" sizes=\"(max-width: 199px) 100vw, 199px\" \/><\/a> <a href=\"https:\/\/protocolo.umh.es\/files\/2016\/09\/IMG_6702.jpg\"><img loading=\"lazy\" class=\"alignnone wp-image-3618\" src=\"https:\/\/protocolo.umh.es\/files\/2016\/09\/IMG_6702-300x225.jpg\" alt=\"img_6702\" width=\"198\" height=\"149\" srcset=\"https:\/\/protocolo.umh.es\/files\/2016\/09\/IMG_6702-300x225.jpg 300w, https:\/\/protocolo.umh.es\/files\/2016\/09\/IMG_6702-768x576.jpg 768w, https:\/\/protocolo.umh.es\/files\/2016\/09\/IMG_6702-1024x768.jpg 1024w\" sizes=\"(max-width: 198px) 100vw, 198px\" \/><\/a> <a href=\"https:\/\/protocolo.umh.es\/files\/2016\/09\/IMG_6704.jpg\"><img loading=\"lazy\" class=\"alignnone wp-image-3619\" src=\"https:\/\/protocolo.umh.es\/files\/2016\/09\/IMG_6704-300x225.jpg\" alt=\"img_6704\" width=\"198\" height=\"149\" srcset=\"https:\/\/protocolo.umh.es\/files\/2016\/09\/IMG_6704-300x225.jpg 300w, https:\/\/protocolo.umh.es\/files\/2016\/09\/IMG_6704-768x576.jpg 768w, https:\/\/protocolo.umh.es\/files\/2016\/09\/IMG_6704-1024x768.jpg 1024w\" sizes=\"(max-width: 198px) 100vw, 198px\" \/><\/a> <a href=\"https:\/\/protocolo.umh.es\/files\/2016\/09\/IMG_6706.jpg\"><img loading=\"lazy\" class=\"alignnone wp-image-3620\" src=\"https:\/\/protocolo.umh.es\/files\/2016\/09\/IMG_6706-300x225.jpg\" alt=\"img_6706\" width=\"193\" height=\"145\" srcset=\"https:\/\/protocolo.umh.es\/files\/2016\/09\/IMG_6706-300x225.jpg 300w, https:\/\/protocolo.umh.es\/files\/2016\/09\/IMG_6706-768x576.jpg 768w, https:\/\/protocolo.umh.es\/files\/2016\/09\/IMG_6706-1024x768.jpg 1024w\" sizes=\"(max-width: 193px) 100vw, 193px\" \/><\/a><\/p>","protected":false},"excerpt":{"rendered":"<p>La vicerectora de Relacions Institucionals de la UMH, Mar\u00eda Teresa P\u00e9rez V\u00e1zquez, i el professor de la UMH i tresorer de l&#8217;Associaci\u00f3 Colibr\u00ed d&#8217;Esclerosi M\u00faltiple (ACEM) de Santa Pola, Pablo Corral Gonz\u00e1lez, han entregat este mat\u00ed l&#8217;I Premi Internacional Fabiane Carvalho Miranda a Vanessa de Lima Meirelles Nunes pel treball \u201cUma vida de supera\u00e7\u00e3o\u201d (\u201cUna [&#8230;]<\/p>\n","protected":false},"author":3400,"featured_media":0,"comment_status":"closed","ping_status":"open","sticky":false,"template":"","format":"standard","meta":{"ngg_post_thumbnail":0,"_links_to":"","_links_to_target":""},"categories":[4617],"tags":[48459],"_links":{"self":[{"href":"https:\/\/protocolo.umh.es\/ca\/wp-json\/wp\/v2\/posts\/3614"}],"collection":[{"href":"https:\/\/protocolo.umh.es\/ca\/wp-json\/wp\/v2\/posts"}],"about":[{"href":"https:\/\/protocolo.umh.es\/ca\/wp-json\/wp\/v2\/types\/post"}],"author":[{"embeddable":true,"href":"https:\/\/protocolo.umh.es\/ca\/wp-json\/wp\/v2\/users\/3400"}],"replies":[{"embeddable":true,"href":"https:\/\/protocolo.umh.es\/ca\/wp-json\/wp\/v2\/comments?post=3614"}],"version-history":[{"count":0,"href":"https:\/\/protocolo.umh.es\/ca\/wp-json\/wp\/v2\/posts\/3614\/revisions"}],"wp:attachment":[{"href":"https:\/\/protocolo.umh.es\/ca\/wp-json\/wp\/v2\/media?parent=3614"}],"wp:term":[{"taxonomy":"category","embeddable":true,"href":"https:\/\/protocolo.umh.es\/ca\/wp-json\/wp\/v2\/categories?post=3614"},{"taxonomy":"post_tag","embeddable":true,"href":"https:\/\/protocolo.umh.es\/ca\/wp-json\/wp\/v2\/tags?post=3614"}],"curies":[{"name":"wp","href":"https:\/\/api.w.org\/{rel}","templated":true}]}}