{"id":3572,"date":"2016-07-20T09:35:18","date_gmt":"2016-07-20T07:35:18","guid":{"rendered":"http:\/\/protocolo.umh.es\/?p=3572"},"modified":"2016-07-20T09:36:19","modified_gmt":"2016-07-20T07:36:19","slug":"la-umh-abrira-las-terrazas-del-edificio-altabix-a-la-comunidad-universitaria-para-disfrutar-de-la-nit-de-lalba","status":"publish","type":"post","link":"https:\/\/protocolo.umh.es\/ca\/2016\/07\/20\/la-umh-abrira-las-terrazas-del-edificio-altabix-a-la-comunidad-universitaria-para-disfrutar-de-la-nit-de-lalba\/","title":{"rendered":"La UMH obrir\u00e0 les terrasses de l&#8217;Edifici Altabix a la comunitat universit\u00e0ria per a disfrutar de La Nit de l&#8217;Alb\u00e0"},"content":{"rendered":"<p class=\"qtranxs-available-languages-message qtranxs-available-languages-message-ca\">Ho sentim, aquesta entrada es troba disponible \u00fanicament en <a href=\"https:\/\/protocolo.umh.es\/es\/wp-json\/wp\/v2\/posts\/3572\" class=\"qtranxs-available-language-link qtranxs-available-language-link-es\" title=\"Espa\u00f1ol\">Espanyol Europeu<\/a>.<\/p>","protected":false},"excerpt":{"rendered":"<p>Ho sentim, aquesta entrada es troba disponible \u00fanicament en Espanyol Europeu.<\/p>\n","protected":false},"author":3400,"featured_media":0,"comment_status":"closed","ping_status":"open","sticky":false,"template":"","format":"standard","meta":{"ngg_post_thumbnail":0,"_links_to":"","_links_to_target":""},"categories":[283,75],"tags":[48459],"_links":{"self":[{"href":"https:\/\/protocolo.umh.es\/ca\/wp-json\/wp\/v2\/posts\/3572"}],"collection":[{"href":"https:\/\/protocolo.umh.es\/ca\/wp-json\/wp\/v2\/posts"}],"about":[{"href":"https:\/\/protocolo.umh.es\/ca\/wp-json\/wp\/v2\/types\/post"}],"author":[{"embeddable":true,"href":"https:\/\/protocolo.umh.es\/ca\/wp-json\/wp\/v2\/users\/3400"}],"replies":[{"embeddable":true,"href":"https:\/\/protocolo.umh.es\/ca\/wp-json\/wp\/v2\/comments?post=3572"}],"version-history":[{"count":0,"href":"https:\/\/protocolo.umh.es\/ca\/wp-json\/wp\/v2\/posts\/3572\/revisions"}],"wp:attachment":[{"href":"https:\/\/protocolo.umh.es\/ca\/wp-json\/wp\/v2\/media?parent=3572"}],"wp:term":[{"taxonomy":"category","embeddable":true,"href":"https:\/\/protocolo.umh.es\/ca\/wp-json\/wp\/v2\/categories?post=3572"},{"taxonomy":"post_tag","embeddable":true,"href":"https:\/\/protocolo.umh.es\/ca\/wp-json\/wp\/v2\/tags?post=3572"}],"curies":[{"name":"wp","href":"https:\/\/api.w.org\/{rel}","templated":true}]}}