{"id":28888,"date":"2022-02-14T09:33:07","date_gmt":"2022-02-14T08:33:07","guid":{"rendered":"https:\/\/protocolo.umh.es\/?p=28888"},"modified":"2026-02-13T11:03:36","modified_gmt":"2026-02-13T10:03:36","slug":"alfonso-escamez-lopez","status":"publish","type":"post","link":"https:\/\/protocolo.umh.es\/ca\/2022\/02\/14\/alfonso-escamez-lopez\/","title":{"rendered":"Alfonso Esc\u00e1mez L\u00f3pez"},"content":{"rendered":"<p><\/p>\n<div class=\"titt\">\n<p>Investit doctor honoris causa el 7 d&#8217;octubre de 1997.<\/p>\n\n\t\t<style type=\"text\/css\">\n\t\t\t#gallery-2 {\n\t\t\t\tmargin: auto;\n\t\t\t}\n\t\t\t#gallery-2 .gallery-item {\n\t\t\t\tfloat: left;\n\t\t\t\tmargin-top: 10px;\n\t\t\t\ttext-align: center;\n\t\t\t\twidth: 20%;\n\t\t\t}\n\t\t\t#gallery-2 img {\n\t\t\t\tborder: 2px solid #cfcfcf;\n\t\t\t}\n\t\t\t#gallery-2 .gallery-caption {\n\t\t\t\tmargin-left: 0;\n\t\t\t}\n\t\t\t\/* see gallery_shortcode() in wp-includes\/media.php *\/\n\t\t<\/style>\n\t\t<div id='gallery-2' class='gallery galleryid-28888 gallery-columns-5 gallery-size-thumbnail'><dl class='gallery-item'>\n\t\t\t<dt class='gallery-icon portrait'>\n\t\t\t\t<a href='https:\/\/protocolo.umh.es\/files\/2022\/01\/Manfred-Eigen-3.jpg'><img width=\"150\" height=\"150\" src=\"https:\/\/protocolo.umh.es\/files\/2022\/01\/Manfred-Eigen-3-150x150.jpg\" class=\"attachment-thumbnail size-thumbnail\" alt=\"\" loading=\"lazy\" \/><\/a>\n\t\t\t<\/dt><\/dl><dl class='gallery-item'>\n\t\t\t<dt class='gallery-icon landscape'>\n\t\t\t\t<a href='https:\/\/protocolo.umh.es\/files\/2022\/01\/Manfred-Eigen.jpg'><img width=\"150\" height=\"150\" src=\"https:\/\/protocolo.umh.es\/files\/2022\/01\/Manfred-Eigen-150x150.jpg\" class=\"attachment-thumbnail size-thumbnail\" alt=\"\" loading=\"lazy\" \/><\/a>\n\t\t\t<\/dt><\/dl><dl class='gallery-item'>\n\t\t\t<dt class='gallery-icon landscape'>\n\t\t\t\t<a href='https:\/\/protocolo.umh.es\/files\/2022\/01\/Manfred-Eigen-6.jpg'><img width=\"150\" height=\"150\" src=\"https:\/\/protocolo.umh.es\/files\/2022\/01\/Manfred-Eigen-6-150x150.jpg\" class=\"attachment-thumbnail size-thumbnail\" alt=\"\" loading=\"lazy\" \/><\/a>\n\t\t\t<\/dt><\/dl><dl class='gallery-item'>\n\t\t\t<dt class='gallery-icon landscape'>\n\t\t\t\t<a href='https:\/\/protocolo.umh.es\/files\/2022\/01\/Manfred-Eigen-5.jpg'><img width=\"150\" height=\"150\" src=\"https:\/\/protocolo.umh.es\/files\/2022\/01\/Manfred-Eigen-5-150x150.jpg\" class=\"attachment-thumbnail size-thumbnail\" alt=\"\" loading=\"lazy\" \/><\/a>\n\t\t\t<\/dt><\/dl><dl class='gallery-item'>\n\t\t\t<dt class='gallery-icon landscape'>\n\t\t\t\t<a href='https:\/\/protocolo.umh.es\/files\/2022\/01\/Manfred-Eigen-4.jpg'><img width=\"150\" height=\"150\" src=\"https:\/\/protocolo.umh.es\/files\/2022\/01\/Manfred-Eigen-4-150x150.jpg\" class=\"attachment-thumbnail size-thumbnail\" alt=\"\" loading=\"lazy\" \/><\/a>\n\t\t\t<\/dt><\/dl><br style=\"clear: both\" \/><dl class='gallery-item'>\n\t\t\t<dt class='gallery-icon portrait'>\n\t\t\t\t<a href='https:\/\/protocolo.umh.es\/files\/2022\/01\/Manfred-Eigen-7.jpg'><img width=\"150\" height=\"150\" src=\"https:\/\/protocolo.umh.es\/files\/2022\/01\/Manfred-Eigen-7-150x150.jpg\" class=\"attachment-thumbnail size-thumbnail\" alt=\"\" loading=\"lazy\" \/><\/a>\n\t\t\t<\/dt><\/dl><dl class='gallery-item'>\n\t\t\t<dt class='gallery-icon landscape'>\n\t\t\t\t<a href='https:\/\/protocolo.umh.es\/files\/2022\/01\/Manfred-Eigen-8.jpg'><img width=\"150\" height=\"150\" src=\"https:\/\/protocolo.umh.es\/files\/2022\/01\/Manfred-Eigen-8-150x150.jpg\" class=\"attachment-thumbnail size-thumbnail\" alt=\"\" loading=\"lazy\" \/><\/a>\n\t\t\t<\/dt><\/dl><dl class='gallery-item'>\n\t\t\t<dt class='gallery-icon landscape'>\n\t\t\t\t<a href='https:\/\/protocolo.umh.es\/files\/2022\/01\/Manfred-Eigen-21.jpg'><img width=\"150\" height=\"150\" src=\"https:\/\/protocolo.umh.es\/files\/2022\/01\/Manfred-Eigen-21-150x150.jpg\" class=\"attachment-thumbnail size-thumbnail\" alt=\"\" loading=\"lazy\" \/><\/a>\n\t\t\t<\/dt><\/dl><dl class='gallery-item'>\n\t\t\t<dt class='gallery-icon landscape'>\n\t\t\t\t<a href='https:\/\/protocolo.umh.es\/files\/2022\/01\/Manfred-Eigen-15.jpg'><img width=\"150\" height=\"150\" src=\"https:\/\/protocolo.umh.es\/files\/2022\/01\/Manfred-Eigen-15-150x150.jpg\" class=\"attachment-thumbnail size-thumbnail\" alt=\"\" loading=\"lazy\" \/><\/a>\n\t\t\t<\/dt><\/dl><dl class='gallery-item'>\n\t\t\t<dt class='gallery-icon landscape'>\n\t\t\t\t<a href='https:\/\/protocolo.umh.es\/files\/2022\/01\/Manfred-Eigen-14.jpg'><img width=\"150\" height=\"150\" src=\"https:\/\/protocolo.umh.es\/files\/2022\/01\/Manfred-Eigen-14-150x150.jpg\" class=\"attachment-thumbnail size-thumbnail\" alt=\"\" loading=\"lazy\" \/><\/a>\n\t\t\t<\/dt><\/dl><br style=\"clear: both\" \/><dl class='gallery-item'>\n\t\t\t<dt class='gallery-icon portrait'>\n\t\t\t\t<a href='https:\/\/protocolo.umh.es\/files\/2022\/01\/Manfred-Eigen-12.jpg'><img width=\"150\" height=\"150\" src=\"https:\/\/protocolo.umh.es\/files\/2022\/01\/Manfred-Eigen-12-150x150.jpg\" class=\"attachment-thumbnail size-thumbnail\" alt=\"\" loading=\"lazy\" \/><\/a>\n\t\t\t<\/dt><\/dl><dl class='gallery-item'>\n\t\t\t<dt class='gallery-icon portrait'>\n\t\t\t\t<a href='https:\/\/protocolo.umh.es\/files\/2022\/01\/Manfred-Eigen-13.jpg'><img width=\"150\" height=\"150\" src=\"https:\/\/protocolo.umh.es\/files\/2022\/01\/Manfred-Eigen-13-150x150.jpg\" class=\"attachment-thumbnail size-thumbnail\" alt=\"\" loading=\"lazy\" \/><\/a>\n\t\t\t<\/dt><\/dl><dl class='gallery-item'>\n\t\t\t<dt class='gallery-icon portrait'>\n\t\t\t\t<a href='https:\/\/protocolo.umh.es\/files\/2022\/01\/Manfred-Eigen-11.jpg'><img width=\"150\" height=\"150\" src=\"https:\/\/protocolo.umh.es\/files\/2022\/01\/Manfred-Eigen-11-150x150.jpg\" class=\"attachment-thumbnail size-thumbnail\" alt=\"\" loading=\"lazy\" \/><\/a>\n\t\t\t<\/dt><\/dl><dl class='gallery-item'>\n\t\t\t<dt class='gallery-icon landscape'>\n\t\t\t\t<a href='https:\/\/protocolo.umh.es\/files\/2022\/01\/Manfred-Eigen-10.jpg'><img width=\"150\" height=\"150\" src=\"https:\/\/protocolo.umh.es\/files\/2022\/01\/Manfred-Eigen-10-150x150.jpg\" class=\"attachment-thumbnail size-thumbnail\" alt=\"\" loading=\"lazy\" \/><\/a>\n\t\t\t<\/dt><\/dl><dl class='gallery-item'>\n\t\t\t<dt class='gallery-icon landscape'>\n\t\t\t\t<a href='https:\/\/protocolo.umh.es\/files\/2022\/01\/Manfred-Eigen-22.jpg'><img width=\"150\" height=\"150\" src=\"https:\/\/protocolo.umh.es\/files\/2022\/01\/Manfred-Eigen-22-150x150.jpg\" class=\"attachment-thumbnail size-thumbnail\" alt=\"\" loading=\"lazy\" \/><\/a>\n\t\t\t<\/dt><\/dl><br style=\"clear: both\" \/><dl class='gallery-item'>\n\t\t\t<dt class='gallery-icon landscape'>\n\t\t\t\t<a href='https:\/\/protocolo.umh.es\/files\/2022\/01\/Manfred-Eigen-2.jpg'><img width=\"150\" height=\"150\" src=\"https:\/\/protocolo.umh.es\/files\/2022\/01\/Manfred-Eigen-2-150x150.jpg\" class=\"attachment-thumbnail size-thumbnail\" alt=\"\" loading=\"lazy\" \/><\/a>\n\t\t\t<\/dt><\/dl><dl class='gallery-item'>\n\t\t\t<dt class='gallery-icon landscape'>\n\t\t\t\t<a href='https:\/\/protocolo.umh.es\/files\/2022\/01\/Manfred-Eigen-1.jpg'><img width=\"150\" height=\"150\" src=\"https:\/\/protocolo.umh.es\/files\/2022\/01\/Manfred-Eigen-1-150x150.jpg\" class=\"attachment-thumbnail size-thumbnail\" alt=\"\" loading=\"lazy\" \/><\/a>\n\t\t\t<\/dt><\/dl>\n\t\t\t<br style='clear: both' \/>\n\t\t<\/div>\n\n<h4><\/h4>\n<\/div>\n<div class=\"col-sm-3\"><img class=\"img-responsive img-rounded hidden-xs foto alignleft\" src=\"https:\/\/www.buscabiografias.com\/img\/people\/Alfonso_Escamez.jpg\" alt=\"Alfonso Esc\u00e1mez L\u00f3pez\" \/><\/div>\n<p>&nbsp;<\/p>\n<p>Banquer espanyol<\/p>\n<p>(01\/01\/1916-16\/05\/2010)<\/p>\n<p>Va n\u00e0ixer l&#8217;1 de gener de 1916 a \u00c1guilas,\u00a0M\u00farcia.<\/p>\n<p>Va ser investit doctor honoris causa per la Universitat Miguel Hern\u00e1ndez el 7 d&#8217;octubre de 1997.<\/p>\n<p>Als dotze anys inicia el seu treball com a\u00a0botons, en el\u00a0Banc Internacional de Comer\u00e7\u00a0de la seua ciutat natal.<\/p>\n<p>Durant els anys seg\u00fcents va anar ascendint gradualment de categoria; cap de quarta, apoderat-cap d&#8217;operacions de l&#8217;oficina principal, inspector de sucursals i director de l&#8217;entitat a Vigo, Elx (1947) i Saragossa (1949).<\/p>\n<p>L&#8217;any 1950 viatja a Madrid\u00a0per a ser subdirector de l&#8217;oficina principal del banc. En 1958 va ser\u00a0director gerent\u00a0i en 1962 va accedir a la\u00a0direcci\u00f3 general. En 1965 \u00a0va ser\u00a0conseller\u00a0del Banc\u00a0 Central, passant en 1971 a ser conseller delegat. Al novembre de 1973, despr\u00e9s de la defunci\u00f3 de Vilallonga, va ser designat successor en la presid\u00e8ncia del consell d&#8217;administraci\u00f3, continuant de conseller delegat i primer executiu de l&#8217;entitat.<\/p>\n<p><img loading=\"lazy\" class=\"alignleft\" src=\"https:\/\/www.umh.es\/img\/honoris-causa\/Alfonso-Escamez.jpg\" alt=\"Excmo. Sr D. Alfonso Esc\u00e1mez L\u00f3pez\" width=\"169\" height=\"199\" \/><\/p>\n<p>En 1977 \u00a0va ser\u00a0senador\u00a0per designaci\u00f3 real, en les\u00a0Corts Constituents, c\u00e0rrec que va ocupar fins a 1979, data de les primeres eleccions legislatives. En 1991 va negociar la fusi\u00f3 amb el\u00a0Banc Hispanoameric\u00e0. Alfonso *Esc\u00e1mez \u00a0va ser\u00a0president\u00a0de la nova entitat fins a desembre de 1992.<\/p>\n<p>Una carta bomba dirigida a l&#8217;ell i enviada per la banda terrorista\u00a0ETA\u00a0va fer explosi\u00f3 el 27 de juny de 1995, en les oficines de Correus, quan es procedia a la seua devoluci\u00f3. En el fet va resultar ferit el carter que manipulava l&#8217;enviament.<\/p>\n<p>Doctor honoris causa\u00a0en\u00a0Economia\u00a0per la Universitat de M\u00farcia des d&#8217;octubre de 1987. El 27 de mar\u00e7 de 1990 va ser investit doctor honoris causa en\u00a0Dret\u00a0per la Universitat Complutense, a proposta del Departament de Filosofia del Dret. A l&#8217;agost de 1992 va ser nomenat doctor honoris causa en Economia per la Universitat de Puerto Rico. El 30 de desembre de 1991 li va ser atorgat per Don Joan Carlos el t\u00edtol de\u00a0Marqu\u00e9s d&#8217;\u00c1guilas. Al juny de 1988 va ser triat membre de ple dret de l&#8217;Associaci\u00f3\u00a0 Ginebra, f\u00f2rum internacional d&#8217;estudis d&#8217;economia. A l&#8217;abril de 1991 va jurar el seu c\u00e0rrec de\u00a0diputat\u00a0de la Real Diputaci\u00f3 de Sant Andr\u00e9s dels Flamencs.<\/p>\n<p>Autodidacta, posse\u00efx una vasta cultura musical i va ser un dels majors col\u00b7leccionistes d&#8217;art d&#8217;Espanya. Ha col\u00b7laborat en el llibre Estudis sobre la Constituci\u00f3, presentat al febrer de 1995 i elaborat amb les pon\u00e8ncies d&#8217;un seminari sobre la\u00a0Carta Magna\u00a0que va tindre lloc al febrer de 1991.<\/p>\n<p>Alfonso *Esc\u00e1mez va morir a\u00a0Madrid\u00a0el 16 de maig de 2010.<\/p>","protected":false},"excerpt":{"rendered":"<p>Investit doctor honoris causa el 7 d&#8217;octubre de 1997.<\/p>\n<p>\t\t\t#gallery-5 {<br \/>\n\t\t\t\tmargin: auto;<br \/>\n\t\t\t}<br \/>\n\t\t\t#gallery-5 .gallery-item {<br \/>\n\t\t\t\tfloat: left;<br \/>\n\t\t\t\tmargin-top: 10px;<br \/>\n\t\t\t\ttext-align: center;<br \/>\n\t\t\t\twidth: 20%;<br \/>\n\t\t\t}<br \/>\n\t\t\t#gallery-5 img {<br \/>\n\t\t\t\tborder: 2px solid #cfcfcf;<br \/>\n\t\t\t}<br \/>\n\t\t\t#gallery-5 .gallery-caption {<br \/>\n\t\t\t\tmargin-left: 0;<br \/>\n\t\t\t}<br \/>\n\t\t\t\/* see gallery_shortcode() in wp-includes\/media.php *\/<\/p>\n<p>&nbsp;<br \/>\nBanquer espanyol<br \/>\n(01\/01\/1916-16\/05\/2010)<br \/>\nVa n\u00e0ixer l&#8217;1 de gener de 1916 a \u00c1guilas,\u00a0M\u00farcia.<br \/>\nVa ser investit doctor honoris causa per la Universitat Miguel Hern\u00e1ndez el 7 d&#8217;octubre de 1997.<br \/>\nAls dotze [&#8230;]<\/p>\n","protected":false},"author":3285,"featured_media":0,"comment_status":"closed","ping_status":"open","sticky":false,"template":"","format":"standard","meta":{"ngg_post_thumbnail":0,"_links_to":"","_links_to_target":""},"categories":[651],"tags":[],"_links":{"self":[{"href":"https:\/\/protocolo.umh.es\/ca\/wp-json\/wp\/v2\/posts\/28888"}],"collection":[{"href":"https:\/\/protocolo.umh.es\/ca\/wp-json\/wp\/v2\/posts"}],"about":[{"href":"https:\/\/protocolo.umh.es\/ca\/wp-json\/wp\/v2\/types\/post"}],"author":[{"embeddable":true,"href":"https:\/\/protocolo.umh.es\/ca\/wp-json\/wp\/v2\/users\/3285"}],"replies":[{"embeddable":true,"href":"https:\/\/protocolo.umh.es\/ca\/wp-json\/wp\/v2\/comments?post=28888"}],"version-history":[{"count":0,"href":"https:\/\/protocolo.umh.es\/ca\/wp-json\/wp\/v2\/posts\/28888\/revisions"}],"wp:attachment":[{"href":"https:\/\/protocolo.umh.es\/ca\/wp-json\/wp\/v2\/media?parent=28888"}],"wp:term":[{"taxonomy":"category","embeddable":true,"href":"https:\/\/protocolo.umh.es\/ca\/wp-json\/wp\/v2\/categories?post=28888"},{"taxonomy":"post_tag","embeddable":true,"href":"https:\/\/protocolo.umh.es\/ca\/wp-json\/wp\/v2\/tags?post=28888"}],"curies":[{"name":"wp","href":"https:\/\/api.w.org\/{rel}","templated":true}]}}