{"id":27235,"date":"2021-11-25T15:31:25","date_gmt":"2021-11-25T14:31:25","guid":{"rendered":"https:\/\/protocolo.umh.es\/?p=27235"},"modified":"2026-02-24T10:29:46","modified_gmt":"2026-02-24T09:29:46","slug":"vii-edicion-de-los-premios-consejo-social-a-las-catedras-institucionales","status":"publish","type":"post","link":"https:\/\/protocolo.umh.es\/ca\/2021\/11\/25\/vii-edicion-de-los-premios-consejo-social-a-las-catedras-institucionales\/","title":{"rendered":"VII Edici\u00f3 dels Premis Consell Social a les C\u00e0tedres Institucionals"},"content":{"rendered":"<p>La Sala d&#8217;actes de l&#8217;edifici Rectorat i Consell Social del campus d&#8217;Elx ha acollit en el mat\u00ed del 25 de novembre de 2021 la cerim\u00f2nia de lliurament de Premis de les C\u00e0tedres Institucionals que atorga el Consell Social de la Universitat Miguel Hern\u00e1ndez (UMH). Amb estos guardons, es pret\u00e9n recon\u00e9ixer la traject\u00f2ria de persones i entitats que han destacat en l&#8217;\u00e0mbit de les deu c\u00e0tedres institucionals que, actualment, t\u00e9 la Universitat.<\/p>\n<div id=\"attachment_148363\" class=\"wp-caption alignleft\">\n<p><a href=\"https:\/\/comunicacion.umh.es\/files\/2021\/11\/IMG_4455-scaled.jpg\"><img loading=\"lazy\" class=\"size-medium wp-image-148363\" src=\"https:\/\/comunicacion.umh.es\/files\/2021\/11\/IMG_4455-300x184.jpg\" alt=\"\" width=\"300\" height=\"184\" aria-describedby=\"caption-attachment-148363\" \/><\/a><\/p>\n<p id=\"caption-attachment-148363\" class=\"wp-caption-text\"><em>Fuente: UMH.<\/em><\/p>\n<\/div>\n<p>A l&#8217;acte han assistit el president del Consell Social de la UMH, Joaqu\u00edn P\u00e9rez V\u00e1zquez; el rector de la Universitat, Juan Jos\u00e9 Ruiz Mart\u00ednez; la secret\u00e0ria auton\u00f2mica d&#8217;Universitats i Recerca, Carmen Bevi\u00e0 Baeza, i els alcaldes d&#8217;Elx, Orihuela, Aspe, Novelda i Monforte.<\/p>\n<p>Per la C\u00e0tedra Dama d\u2019Elx, el premi ha recaigut en el Projecte \u2018PastWomen\u2019 per la seua labor per a dotar de visibilitat les l\u00ednies d&#8217;investigaci\u00f3 en arqueologia i hist\u00f2ria que es vinculen a l&#8217;estudi de la cultura material de les dones. Tamb\u00e9, es destaca que este Projecte proporciona recursos actualitzats des de les perspectives feministes a tots els sectors involucrats en la divulgaci\u00f3 hist\u00f2rica de l&#8217;Arqueologia, la Prehist\u00f2ria i la Protohist\u00f2ria, en l&#8217;\u00e0mbit geogr\u00e0fic Mediterrani.<\/p>\n<p>La C\u00e0tedra Palmerar d\u2019Elx, en la seua pol\u00edtica d&#8217;inclusi\u00f3 dels diferents palmerars de la prov\u00edncia d&#8217;Alacant, ha premiat a l&#8217;Ajuntament d&#8217;Orihuela per les labors en pro del Palmerar Oriol\u00e0 i per la labor continuada en la millora i conservaci\u00f3 del palmerar hist\u00f2ric de Sant Ant\u00f3n. En particular, despr\u00e9s de les greus destrosses que van oc\u00f3rrer amb la DANA de 2019.<\/p>\n<p>La C\u00e0tedra Pedro Ibarra ha reconegut a Jos\u00e9 Guill\u00f3 Pelegr\u00edn per facilitar a la C\u00e0tedra la seua col\u00b7lecci\u00f3 d&#8217;obres teatrals representades a Elx des de la d\u00e8cada dels anys trenta del segle XX fins a l&#8217;actualitat. Centenars de programes de m\u00e0 d&#8217;un immens valor documental.<\/p>\n<p>Per part seua, el premi de la C\u00e0tedra Miguel Hern\u00e1ndez s&#8217;ha entregat a Paco Ib\u00e1\u00f1ez, cantautor espanyol, de nom complet Francisco Ib\u00e1\u00f1ez Gorostidi. Fill d&#8217;un ebenista valenci\u00e0 i de mare basca que van haver d&#8217;exiliar-se a Fran\u00e7a en finalitzar la guerra. En 1952, va comen\u00e7ar a estudiar guitarra. A Par\u00eds va assistir als cursos de la Scola Cantorum, estudis que va continuar amb el guitarrista cl\u00e0ssic Andr\u00e9s Seg\u00f2via.<\/p>\n<p>La C\u00e0tedra Misteri d\u2019Elx ha guardonat a t\u00edtol p\u00f2stum a Joaqu\u00edn Serrano Vera, ex president executiu del Patronat del Misteri d\u2018Elx, mort el 14 de setembre de 2020 i que va ser patr\u00f3 fins al final dels seus dies. Li premia per la seua labor en la Presid\u00e8ncia del Patronat\u00a0 durant 8 anys, entre 1998 i 2006. Per\u00edode que inclou la declaraci\u00f3 del Misteri d\u2019Elx com a Patrimoni Immaterial de la Humanitat, reconeixement atorgat per la UNESCO en 2001.<\/p>\n<p>La C\u00e0tedra \u2018San Crisp\u00edn\u2019 de la Ind\u00fastria del Cal\u00e7at d&#8217;Elx ha premiat a Inescop, en representaci\u00f3 de totes les empreses i treballadores\/treballadors del cal\u00e7at de la prov\u00edncia. Es reconeix el seu treball durant l&#8217;\u00e8poca m\u00e9s dura de la pand\u00e8mia en la qual empreses i treballadores\/\u00e9s del cal\u00e7at es van bolcar per a elaborar material sanitari amb el qual suplir les car\u00e8ncies que hi havia.<\/p>\n<p>La C\u00e0tedra Seu UMH a Ruanda ha distingit a la Plataforma del Voluntariat de la Comunitat Valenciana, xarxa d&#8217;entitats sense \u00e0nim de lucre unides pel nexe com\u00fa del voluntariat, amb la idea de promocionar i difondre l&#8217;acci\u00f3 volunt\u00e0ria en la societat. La PVCV agrupa m\u00e9s de 100 entitats de la Comunitat i realitza diverses activitats amb la finalitat de promocionar el voluntariat.<\/p>\n<p>El premi de la C\u00e0tedra Annetta Nicoli ha sigut per a Isabel Tejeda Mart\u00edn, comiss\u00e0ria, cr\u00edtica i gestora cultural que, des de 2019, ha col\u00b7laborat amb la C\u00e0tedra Anetta Nicoli en diverses activitats i projectes. En concret, destaca la seua participaci\u00f3 en qualitat d&#8217;especialista en hist\u00f2ria, art, dones i feminismes en la \u2018Confer\u00e8ncia Juana Franc\u00e9s, una artista entre h\u00f2mens\u2019 en la Facultat de Belles Arts del campus d&#8217;Altea.<\/p>\n<p>La C\u00e0tedra Cl\u00ednica Jur\u00eddica ha reconegut a l&#8217;Associaci\u00f3 Avalcae (Associaci\u00f3 Valenciana contra l&#8217;assetjament escolar). Esta Associaci\u00f3 privada independent sense \u00e0nim de lucre t\u00e9 per objecte ajudar i assessorar els alumnes i fam\u00edlies que es vegen embolicats en conflictes de conviv\u00e8ncia escolar, bulling i ciberbulling dins de l&#8217;\u00e0mbit escolar.<\/p>\n<p>Finalment, la C\u00e0tedra Cinematografia i Documental Gudie Lawaetz ha concedit el premi al Cinema Club Luis Bu\u00f1uel d&#8217;Elx. Es va constituir oficialment el 5 de novembre de 1974 a Elx i \u00e9s el cineclub m\u00e9s veter\u00e0 en actiu de la prov\u00edncia d&#8217;Alacant.<\/p>","protected":false},"excerpt":{"rendered":"<p>La Sala d&#8217;actes de l&#8217;edifici Rectorat i Consell Social del campus d&#8217;Elx ha acollit en el mat\u00ed del 25 de novembre de 2021 la cerim\u00f2nia de lliurament de Premis de les C\u00e0tedres Institucionals que atorga el Consell Social de la Universitat Miguel Hern\u00e1ndez (UMH). Amb estos guardons, es pret\u00e9n recon\u00e9ixer la traject\u00f2ria de persones i [&#8230;]<\/p>\n","protected":false},"author":3285,"featured_media":0,"comment_status":"closed","ping_status":"open","sticky":false,"template":"","format":"standard","meta":{"ngg_post_thumbnail":0,"_links_to":"","_links_to_target":""},"categories":[2898,3406],"tags":[],"_links":{"self":[{"href":"https:\/\/protocolo.umh.es\/ca\/wp-json\/wp\/v2\/posts\/27235"}],"collection":[{"href":"https:\/\/protocolo.umh.es\/ca\/wp-json\/wp\/v2\/posts"}],"about":[{"href":"https:\/\/protocolo.umh.es\/ca\/wp-json\/wp\/v2\/types\/post"}],"author":[{"embeddable":true,"href":"https:\/\/protocolo.umh.es\/ca\/wp-json\/wp\/v2\/users\/3285"}],"replies":[{"embeddable":true,"href":"https:\/\/protocolo.umh.es\/ca\/wp-json\/wp\/v2\/comments?post=27235"}],"version-history":[{"count":0,"href":"https:\/\/protocolo.umh.es\/ca\/wp-json\/wp\/v2\/posts\/27235\/revisions"}],"wp:attachment":[{"href":"https:\/\/protocolo.umh.es\/ca\/wp-json\/wp\/v2\/media?parent=27235"}],"wp:term":[{"taxonomy":"category","embeddable":true,"href":"https:\/\/protocolo.umh.es\/ca\/wp-json\/wp\/v2\/categories?post=27235"},{"taxonomy":"post_tag","embeddable":true,"href":"https:\/\/protocolo.umh.es\/ca\/wp-json\/wp\/v2\/tags?post=27235"}],"curies":[{"name":"wp","href":"https:\/\/api.w.org\/{rel}","templated":true}]}}