{"id":26954,"date":"2021-07-14T14:44:55","date_gmt":"2021-07-14T12:44:55","guid":{"rendered":"https:\/\/protocolo.umh.es\/?p=26954"},"modified":"2026-02-27T13:18:52","modified_gmt":"2026-02-27T12:18:52","slug":"la-umh-y-la-autoridad-portuaria-de-alicante-colaboraran-en-la-realizacion-de-actividades-conjuntas","status":"publish","type":"post","link":"https:\/\/protocolo.umh.es\/ca\/2021\/07\/14\/la-umh-y-la-autoridad-portuaria-de-alicante-colaboraran-en-la-realizacion-de-actividades-conjuntas\/","title":{"rendered":"La UMH i l&#8217;Autoritat Portu\u00e0ria d&#8217;Alacant col\u00b7laboraran en la realitzaci\u00f3 d&#8217;activitats conjuntes"},"content":{"rendered":"<p>El rector de la Universitat Miguel Hern\u00e1ndez (UMH) d&#8217;Elx, Juan Jos\u00e9 Ruiz, i el president de l&#8217;Autoritat Portu\u00e0ria d&#8217;Alacant, Juan Antonio Gisbert, han firmat este mat\u00ed un protocol general d&#8217;actuaci\u00f3 entre les dos entitats. L&#8217;objectiu d&#8217;este protocol \u00e9s establir un marc d&#8217;actuaci\u00f3 perqu\u00e8 grups d&#8217;investigaci\u00f3 de la UMH col\u00b7laboren amb les empreses del Cl\u00faster Log\u00edstic Portuari d&#8217;Alacant. A l&#8217;acte ha assistit, tamb\u00e9, la consellera d&#8217;Innovaci\u00f3, Universitats, Ci\u00e8ncia i Societat Digital, Carolina Pascual.<\/p>\n<div id=\"attachment_144969\" class=\"wp-caption alignleft\">\n<p><a href=\"https:\/\/comunicacion.umh.es\/files\/2021\/07\/PPLL.jpg\"><img loading=\"lazy\" class=\"size-medium wp-image-144969\" src=\"https:\/\/comunicacion.umh.es\/files\/2021\/07\/PPLL-300x169.jpg\" alt=\"\" width=\"300\" height=\"169\" aria-describedby=\"caption-attachment-144969\" \/><\/a><\/p>\n<p id=\"caption-attachment-144969\" class=\"wp-caption-text\"><em>Font: UMH.<\/em><\/p>\n<\/div>\n<p>Aix\u00ed mateix, han sigut presents la vicerectora de Transfer\u00e8ncia i Intercanvi de Coneixement de la UMH, Mar\u00eda Jos\u00e9 L\u00f3pez, i la directora gerent del Parc Cient\u00edfic de la Universitat, Tonia Salinas.<\/p>\n<p>De manera paral\u00b7lela, l&#8217;Autoritat Portu\u00e0ria d&#8217;Alacant ha firmat protocols d&#8217;actuaci\u00f3 en la mateixa mat\u00e8ria amb la rectora de la Universitat d&#8217;Alacant, Amparo Navarro, i el rector de la Universitat Polit\u00e8cnica de Val\u00e8ncia, Jos\u00e9 Capilla.<\/p>\n<p>El rector de la UMH i els de les universitats restants animaran als seus investigadors a participar en els tallers de generaci\u00f3 de projectes que organitzar\u00e0 l&#8217;Autoritat Portu\u00e0ria a la volta de l&#8217;estiu, amb vista a les convocat\u00f2ries del Fons *Ports 4.0 que prepara Ports de l&#8217;Estat per a esta mateixa tardor.<\/p>\n<div id=\"attachment_144975\" class=\"wp-caption alignnone\">\n<p><a href=\"https:\/\/comunicacion.umh.es\/files\/2021\/07\/IMG-4019.jpg\"><img loading=\"lazy\" class=\"wp-image-144975 size-medium\" src=\"https:\/\/comunicacion.umh.es\/files\/2021\/07\/IMG-4019-300x169.jpg\" alt=\"\" width=\"300\" height=\"169\" aria-describedby=\"caption-attachment-144975\" \/><\/a><\/p>\n<p id=\"caption-attachment-144975\" class=\"wp-caption-text\"><em>Font: UMH.<\/em><\/p>\n<\/div>\n<p>Despr\u00e9s de l&#8217;acte, s&#8217;han anunciat els finalistes i el guanyador de l&#8217;I Repte Obert, llan\u00e7at per l&#8217;oficina de projectes del PortLab i en el qual col\u00b7labora el Parc Cient\u00edfic UMH. Este desafiament est\u00e0 orientat a la captaci\u00f3 d&#8217;idees sostenibles per al tr\u00e0nsit intern de les instal\u00b7lacions del Port, on s&#8217;han valorat, principalment, la innovaci\u00f3 de la idea, la possibilitat que tinga d&#8217;estendre&#8217;s a altres ports i la viabilitat tecnol\u00f2gica de la proposta, entre altres aspectes. El coordinador t\u00e8cnic del PortLab ha presentat les tres propostes i ha donat a con\u00e9ixer els dos acc\u00e8ssits, que han recaigut en les empreses Witrac Comunicacions Intel\u00b7ligents S.L. i Tracktio. El guanyador \u00e9s l&#8217;empresa AllRead Machine Learning Technologies, que aconseguir\u00e0 un contracte valorat en 2.000 euros.<\/p>\n<div id=\"attachment_144972\" class=\"wp-caption alignnone\">\n<p><a href=\"https:\/\/comunicacion.umh.es\/files\/2021\/07\/2.jpg\"><img loading=\"lazy\" class=\"size-medium wp-image-144972\" src=\"https:\/\/comunicacion.umh.es\/files\/2021\/07\/2-300x225.jpg\" alt=\"\" width=\"300\" height=\"225\" aria-describedby=\"caption-attachment-144972\" \/><\/a><\/p>\n<p id=\"caption-attachment-144972\" class=\"wp-caption-text\"><em>Font: UMH.<\/em><\/p>\n<\/div>\n<p><\/p>","protected":false},"excerpt":{"rendered":"<p>El rector de la Universitat Miguel Hern\u00e1ndez (UMH) d&#8217;Elx, Juan Jos\u00e9 Ruiz, i el president de l&#8217;Autoritat Portu\u00e0ria d&#8217;Alacant, Juan Antonio Gisbert, han firmat este mat\u00ed un protocol general d&#8217;actuaci\u00f3 entre les dos entitats. L&#8217;objectiu d&#8217;este protocol \u00e9s establir un marc d&#8217;actuaci\u00f3 perqu\u00e8 grups d&#8217;investigaci\u00f3 de la UMH col\u00b7laboren amb les empreses del Cl\u00faster Log\u00edstic [&#8230;]<\/p>\n","protected":false},"author":3285,"featured_media":0,"comment_status":"closed","ping_status":"open","sticky":false,"template":"","format":"standard","meta":{"ngg_post_thumbnail":0,"_links_to":"","_links_to_target":""},"categories":[3011,2898],"tags":[],"_links":{"self":[{"href":"https:\/\/protocolo.umh.es\/ca\/wp-json\/wp\/v2\/posts\/26954"}],"collection":[{"href":"https:\/\/protocolo.umh.es\/ca\/wp-json\/wp\/v2\/posts"}],"about":[{"href":"https:\/\/protocolo.umh.es\/ca\/wp-json\/wp\/v2\/types\/post"}],"author":[{"embeddable":true,"href":"https:\/\/protocolo.umh.es\/ca\/wp-json\/wp\/v2\/users\/3285"}],"replies":[{"embeddable":true,"href":"https:\/\/protocolo.umh.es\/ca\/wp-json\/wp\/v2\/comments?post=26954"}],"version-history":[{"count":0,"href":"https:\/\/protocolo.umh.es\/ca\/wp-json\/wp\/v2\/posts\/26954\/revisions"}],"wp:attachment":[{"href":"https:\/\/protocolo.umh.es\/ca\/wp-json\/wp\/v2\/media?parent=26954"}],"wp:term":[{"taxonomy":"category","embeddable":true,"href":"https:\/\/protocolo.umh.es\/ca\/wp-json\/wp\/v2\/categories?post=26954"},{"taxonomy":"post_tag","embeddable":true,"href":"https:\/\/protocolo.umh.es\/ca\/wp-json\/wp\/v2\/tags?post=26954"}],"curies":[{"name":"wp","href":"https:\/\/api.w.org\/{rel}","templated":true}]}}