{"id":265,"date":"2012-07-18T12:10:09","date_gmt":"2012-07-18T10:10:09","guid":{"rendered":"http:\/\/protocolo.umh.es\/?p=265"},"modified":"2012-07-30T14:13:40","modified_gmt":"2012-07-30T12:13:40","slug":"la-umh-y-aotec-firman-un-convenio-de-colaboracion-para-apoyar-el-grado-en-ingenieria-informatica-en-tecnologias-de-la-informacion","status":"publish","type":"post","link":"https:\/\/protocolo.umh.es\/ca\/2012\/07\/18\/la-umh-y-aotec-firman-un-convenio-de-colaboracion-para-apoyar-el-grado-en-ingenieria-informatica-en-tecnologias-de-la-informacion\/","title":{"rendered":"La UMH i AOTEC signen un conveni de col\u00b7laboraci\u00f3"},"content":{"rendered":"<p><\/p>\n<p><p><a href=\"https:\/\/protocolo.umh.es\/files\/2012\/07\/IMG_6997.jpg\"><img loading=\"lazy\" class=\"alignleft\" title=\"IMG_6997\" src=\"https:\/\/protocolo.umh.es\/files\/2012\/07\/IMG_6997-150x150.jpg\" alt=\"\" width=\"150\" height=\"150\" \/><\/a><\/p>\n<p><a href=\"https:\/\/protocolo.umh.es\/files\/2012\/07\/IMG_70021.jpg\"><img loading=\"lazy\" class=\"alignright\" title=\"IMG_7002\" src=\"https:\/\/protocolo.umh.es\/files\/2012\/07\/IMG_70021-150x150.jpg\" alt=\"\" width=\"150\" height=\"150\" \/><\/a><a href=\"https:\/\/protocolo.umh.es\/files\/2012\/07\/IMG_7004.jpg\"><img loading=\"lazy\" class=\"aligncenter\" title=\"IMG_7004\" src=\"https:\/\/protocolo.umh.es\/files\/2012\/07\/IMG_7004-300x200.jpg\" alt=\"\" width=\"262\" height=\"176\" \/><\/a><\/p>\n<p style=\"text-align: justify\">El rector de la Universitat Miguel Hern\u00e1ndez (UMH) d&#8217;Elx, Jes\u00fas Tadeo Pastor Ciurana, i el president de l&#8217;Associaci\u00f3 Nacional d&#8217;Operadors de Telecomunicacions i Serveis d&#8217;Internet (AOTEC), Servando S\u00e1nchez Calero, han signat un acord de col\u00b7laboraci\u00f3 amb l&#8217;objectiu d&#8217;estr\u00e8nyer les seues relacions i conjuminar esfor\u00e7os per a la difusi\u00f3 del Grau en Enginyeria Inform\u00e0tica en Tecnologies de la Informaci\u00f3.<\/p>\n<\/p>\n<p><\/p>","protected":false},"excerpt":{"rendered":"<p>El rector de la Universitat Miguel Hern\u00e1ndez (UMH) d&#8217;Elx, Jes\u00fas Tadeo Pastor Ciurana, i el president de l&#8217;Associaci\u00f3 Nacional d&#8217;Operadors de Telecomunicacions i Serveis d&#8217;Internet (AOTEC), Servando S\u00e1nchez Calero, han signat un acord de col\u00b7laboraci\u00f3 amb l&#8217;objectiu d&#8217;estr\u00e8nyer les seues relacions i conjuminar esfor\u00e7os per a la difusi\u00f3 del Grau en Enginyeria Inform\u00e0tica en Tecnologies [&#8230;]<\/p>\n","protected":false},"author":309,"featured_media":0,"comment_status":"closed","ping_status":"open","sticky":false,"template":"","format":"standard","meta":{"ngg_post_thumbnail":0,"_links_to":"","_links_to_target":""},"categories":[3011,2898,228],"tags":[],"_links":{"self":[{"href":"https:\/\/protocolo.umh.es\/ca\/wp-json\/wp\/v2\/posts\/265"}],"collection":[{"href":"https:\/\/protocolo.umh.es\/ca\/wp-json\/wp\/v2\/posts"}],"about":[{"href":"https:\/\/protocolo.umh.es\/ca\/wp-json\/wp\/v2\/types\/post"}],"author":[{"embeddable":true,"href":"https:\/\/protocolo.umh.es\/ca\/wp-json\/wp\/v2\/users\/309"}],"replies":[{"embeddable":true,"href":"https:\/\/protocolo.umh.es\/ca\/wp-json\/wp\/v2\/comments?post=265"}],"version-history":[{"count":0,"href":"https:\/\/protocolo.umh.es\/ca\/wp-json\/wp\/v2\/posts\/265\/revisions"}],"wp:attachment":[{"href":"https:\/\/protocolo.umh.es\/ca\/wp-json\/wp\/v2\/media?parent=265"}],"wp:term":[{"taxonomy":"category","embeddable":true,"href":"https:\/\/protocolo.umh.es\/ca\/wp-json\/wp\/v2\/categories?post=265"},{"taxonomy":"post_tag","embeddable":true,"href":"https:\/\/protocolo.umh.es\/ca\/wp-json\/wp\/v2\/tags?post=265"}],"curies":[{"name":"wp","href":"https:\/\/api.w.org\/{rel}","templated":true}]}}