{"id":25605,"date":"2021-06-11T11:51:31","date_gmt":"2021-06-11T09:51:31","guid":{"rendered":"https:\/\/protocolo.umh.es\/?p=25605"},"modified":"2026-02-16T11:18:24","modified_gmt":"2026-02-16T10:18:24","slug":"entrega-de-los-galardones-de-la-xiv-edicion-de-los-premios-consejo-social","status":"publish","type":"post","link":"https:\/\/protocolo.umh.es\/ca\/2021\/06\/11\/entrega-de-los-galardones-de-la-xiv-edicion-de-los-premios-consejo-social\/","title":{"rendered":"Lliurament dels guardons de la XIV edici\u00f3 dels Premis Consell Social"},"content":{"rendered":"<p>El Consell Social de la Universitat Miguel Hern\u00e1ndez (UMH) d&#8217;Elx ha entregat en el mat\u00ed del dijous 10 de juny 2021 els guardons de la \u2018XIV edici\u00f3 dels Premis Consell Social\u2019 en les seues diferents modalitats. Amb estos guardons, el Consell Social de la UMH reconeix el treball, l&#8217;esfor\u00e7 i la traject\u00f2ria dels qui contribu\u00efxen al desenrotllament social, econ\u00f2mic, cultural i educatiu.<\/p>\n<div id=\"attachment_144086\" class=\"wp-caption alignleft\">\n<p><a href=\"https:\/\/comunicacion.umh.es\/files\/2021\/06\/10-06-21-premios-consejo-social-pricipal.jpg\"><img loading=\"lazy\" class=\"size-medium wp-image-144086\" src=\"https:\/\/comunicacion.umh.es\/files\/2021\/06\/10-06-21-premios-consejo-social-pricipal-300x200.jpg\" alt=\"\" width=\"300\" height=\"200\" aria-describedby=\"caption-attachment-144086\" \/><\/a><\/p>\n<p id=\"caption-attachment-144086\" class=\"wp-caption-text\">Font: Consell Social UMH.<\/p>\n<\/div>\n<p>En l&#8217;acte s\u00f3n presents, entre altres personalitats, el president del Consell Social, Joaqu\u00edn P\u00e9rez V\u00e1zquez; el rector de la UMH, Juan Jos\u00e9 Ruiz Mart\u00ednez; la consellera d&#8217;Innovaci\u00f3, Universitats, Ci\u00e8ncia i Societat Digital, Carolina Pascual Villalobo, i l&#8217;alcalde d&#8217;Elx, Carlos Gonz\u00e1lez.<\/p>\n<p>El Consell Social lliurament el premi Rellev\u00e0ncia Social a Alejandro Roemmers Satisfan, \u201cper la seua ajuda incansable als qui m\u00e9s el necessiten\u201d. En la categoria d&#8217;Empreses\u00a0 i Institucions el premi \u00e9s per a l&#8217;empresa Planeta Hort, \u201cper la seua aposta decidida pel desenrotllament sostenible i la cura del medi ambient\u201d. Per part seua, el catedr\u00e0tic i vicerector d&#8217;Inclusi\u00f3, Sostenibilitat i Esports, Ra\u00fal Reina Vaillo, rep el guard\u00f3 Investigaci\u00f3 i Transfer\u00e8ncia, \u201cper la seua labor d&#8217;investigaci\u00f3 en l&#8217;\u00e0rea de l&#8217;activitat f\u00edsica i l&#8217;esport adaptat\u201d. En els premis del Consell Social de la UMH, tamb\u00e9, es reconeix la const\u00e0ncia i el talent de l&#8217;estudiantat i, en este sentit, el guard\u00f3 Estudiants \u00e9s per a Mirella Mac\u00edas Fern\u00e1ndez i Marina Gim\u00e9nez Berenguer.<\/p>\n<div id=\"attachment_144089\" class=\"wp-caption alignleft\">\n<p><a href=\"https:\/\/comunicacion.umh.es\/files\/2021\/06\/10-06-21-premios-consejo-social-2.jpg\"><img loading=\"lazy\" class=\"size-medium wp-image-144089\" src=\"https:\/\/comunicacion.umh.es\/files\/2021\/06\/10-06-21-premios-consejo-social-2-300x200.jpg\" alt=\"\" width=\"300\" height=\"200\" aria-describedby=\"caption-attachment-144089\" \/><\/a><\/p>\n<p id=\"caption-attachment-144089\" class=\"wp-caption-text\">Font: Consell Social UMH.<\/p>\n<\/div>\n<p>En la modalitat\u00a0Excel\u00b7l\u00e8ncia docent,\u00a0els guardons recauen en el professor de l&#8217;\u00c0rea d&#8217;Enginyeria de Sistemes i Autom\u00e0tica de la Universitat Luis Pay\u00e1 i en el professor del Departament de Medicina Cl\u00ednica de la UMH Vicente Gil. Per part seua, el premi\u00a0Accions d&#8217;Innovaci\u00f3 en la Gesti\u00f3,\u00a0que reconeix aquelles idees i iniciatives innovadors desenrotllades per servicis, oficines i unitats administratives de la UMH, s\u00f3n per al Servici d&#8217;Innovaci\u00f3 i Planificaci\u00f3 Tecnol\u00f2gica i per al Servici d&#8217;Infraestructura Inform\u00e0tica.<\/p>\n<p>Quant a la modalitat Entitat sense \u00e0nim de lucre, el Consell Social de la UMH premia a l&#8217;Associaci\u00f3 Remavida, que t\u00e9 per objectiu usar l&#8217;esport del rem per a conscienciar a la ciutadania i fer costat a les dones diagn\u00f2stiques amb c\u00e0ncer de mama. Per part seua, el premi a l&#8217;Esportista\u00a0 Universitari recau en la jugadora de b\u00e0dminton i llicenciada en medicina Laura Samaniego. Aix\u00ed mateix, la spin off 3D Surgical Technologies obt\u00e9 el guard\u00f3 Empresa de base tecnol\u00f2gica i innovadora, \u201cper la seua labor al disseny de la cirurgia ginecol\u00f2gica en els quals conjumina innovaci\u00f3 i disseny per a millorar la qualitat de vida de les dones\u201d. Finalment, en la modalitat Comprom\u00eds amb la igualtat, inclusi\u00f3 i sostenibilitat, el Consell Social de la UMH reconeix al president honor\u00edfic del Grup Pikolinos, Juan Per\u00e1n, \u201cper ser una de les persones que millor representa el comprom\u00eds amb la societat, amb la ciutat i amb la comunitat universit\u00e0ria.<\/p>\n<div id=\"attachment_144092\" class=\"wp-caption alignleft\"><a href=\"https:\/\/comunicacion.umh.es\/files\/2021\/06\/10-06-21-premios-consejo-social-3.jpg\"><img loading=\"lazy\" class=\"size-medium wp-image-144092\" src=\"https:\/\/comunicacion.umh.es\/files\/2021\/06\/10-06-21-premios-consejo-social-3-300x225.jpg\" alt=\"\" width=\"300\" height=\"225\" aria-describedby=\"caption-attachment-144092\" \/><\/a><\/div>\n<p><\/p>","protected":false},"excerpt":{"rendered":"<p>El Consell Social de la Universitat Miguel Hern\u00e1ndez (UMH) d&#8217;Elx ha entregat en el mat\u00ed del dijous 10 de juny 2021 els guardons de la \u2018XIV edici\u00f3 dels Premis Consell Social\u2019 en les seues diferents modalitats. Amb estos guardons, el Consell Social de la UMH reconeix el treball, l&#8217;esfor\u00e7 i la traject\u00f2ria dels qui contribu\u00efxen [&#8230;]<\/p>\n","protected":false},"author":3285,"featured_media":0,"comment_status":"closed","ping_status":"open","sticky":false,"template":"","format":"standard","meta":{"ngg_post_thumbnail":0,"_links_to":"","_links_to_target":""},"categories":[2898,3406],"tags":[],"_links":{"self":[{"href":"https:\/\/protocolo.umh.es\/ca\/wp-json\/wp\/v2\/posts\/25605"}],"collection":[{"href":"https:\/\/protocolo.umh.es\/ca\/wp-json\/wp\/v2\/posts"}],"about":[{"href":"https:\/\/protocolo.umh.es\/ca\/wp-json\/wp\/v2\/types\/post"}],"author":[{"embeddable":true,"href":"https:\/\/protocolo.umh.es\/ca\/wp-json\/wp\/v2\/users\/3285"}],"replies":[{"embeddable":true,"href":"https:\/\/protocolo.umh.es\/ca\/wp-json\/wp\/v2\/comments?post=25605"}],"version-history":[{"count":0,"href":"https:\/\/protocolo.umh.es\/ca\/wp-json\/wp\/v2\/posts\/25605\/revisions"}],"wp:attachment":[{"href":"https:\/\/protocolo.umh.es\/ca\/wp-json\/wp\/v2\/media?parent=25605"}],"wp:term":[{"taxonomy":"category","embeddable":true,"href":"https:\/\/protocolo.umh.es\/ca\/wp-json\/wp\/v2\/categories?post=25605"},{"taxonomy":"post_tag","embeddable":true,"href":"https:\/\/protocolo.umh.es\/ca\/wp-json\/wp\/v2\/tags?post=25605"}],"curies":[{"name":"wp","href":"https:\/\/api.w.org\/{rel}","templated":true}]}}