{"id":25599,"date":"2021-06-08T11:55:47","date_gmt":"2021-06-08T09:55:47","guid":{"rendered":"https:\/\/protocolo.umh.es\/?p=25599"},"modified":"2026-02-27T13:33:22","modified_gmt":"2026-02-27T12:33:22","slug":"la-umh-y-la-conselleria-de-participacion-transparencia-cooperacion-y-calidad-democratica-colaboran-en-materia-de-participacion-ciudadana","status":"publish","type":"post","link":"https:\/\/protocolo.umh.es\/ca\/2021\/06\/08\/la-umh-y-la-conselleria-de-participacion-transparencia-cooperacion-y-calidad-democratica-colaboran-en-materia-de-participacion-ciudadana\/","title":{"rendered":"La UMH i la Conselleria de Participaci\u00f3, Transpar\u00e8ncia, Cooperaci\u00f3 i Qualitat Democr\u00e0tica col\u00b7laboren en mat\u00e8ria de participaci\u00f3 ciutadana"},"content":{"rendered":"<p>El rector de la Universitat Miguel Hern\u00e1ndez (UMH) d&#8217;Elx, Juan Jos\u00e9 Ruiz Mart\u00ednez, i la consellera de Participaci\u00f3, Transpar\u00e8ncia, Cooperaci\u00f3 i Qualitat Democr\u00e0tica, Rosa P\u00e9rez Garijo, han firmat en el mat\u00ed del 7 juny 2021 un conveni de col\u00b7laboraci\u00f3. Mitjan\u00e7ant este acord, les dos institucions col\u00b7laboraran en la realitzaci\u00f3 d&#8217;activitats relacionades amb el foment, desenrotllament i realitzaci\u00f3 de tasques de participaci\u00f3 ciutadana i el foment de l&#8217;associacionisme. A la firma d&#8217;este conveni han assistit, tamb\u00e9, el vicerector d&#8217;Investigaci\u00f3 de la UMH, Domingo Orozco Beltr\u00e1n, i el director de Gabinet de la consellera, Jaume Giner Santos.<\/p>\n<div id=\"attachment_143972\" class=\"wp-caption alignleft\">\n<p><a href=\"https:\/\/comunicacion.umh.es\/files\/2021\/06\/ppal.jpg\"><img loading=\"lazy\" class=\"size-medium wp-image-143972\" src=\"https:\/\/comunicacion.umh.es\/files\/2021\/06\/ppal-300x207.jpg\" alt=\"\" width=\"300\" height=\"207\" aria-describedby=\"caption-attachment-143972\" \/><\/a><\/p>\n<p id=\"caption-attachment-143972\" class=\"wp-caption-text\"><em>Font: UMH.<\/em><\/p>\n<\/div>\n<p>Per a dur a terme este projecte, la Generalitat Valenciana aportar\u00e0 fins a 15.000 euros. L&#8217;objectiu general del treball \u00e9s avaluar el proc\u00e9s de pressupost participatiu com a ferramenta de pol\u00edtiques p\u00fabliques a la Comunitat Valenciana. Les accions que es desenrotllaran en el projecte es dividixen en diferents \u00e0rees. D&#8217;una banda, s&#8217;especificaran els indicadors necessaris per a l&#8217;avaluaci\u00f3 dels criteris. Per a aix\u00f2, s&#8217;analitzaran fonts secund\u00e0ries d&#8217;informaci\u00f3 i es realitzar\u00e0 la corresponent adaptaci\u00f3 d&#8217;indicadors emprats en altres processos al cas concret que ens ocupa. Aix\u00ed mateix, es realitzar\u00e0 una an\u00e0lisi de les accions de participaci\u00f3, en les quals s&#8217;estudiaran les sessions comarcals mitjan\u00e7ant audici\u00f3 de les mateixes i la lectura dels documents t\u00e8cnics generats i sempre es tindr\u00e0 en compte la participaci\u00f3 diferenciada de dones i d&#8217;h\u00f2mens, aix\u00ed com el tipus i la forma de participaci\u00f3 de les unes i els altres.<\/p>\n<p>Este acord contempla, tamb\u00e9, el desenrotllament i an\u00e0lisi d&#8217;entrevistes i enquestes. El treball de camp es desenrotllar\u00e0 considerant als col\u00b7lectius implicats en el proc\u00e9s en si: el de responsables pol\u00edtics, l&#8217;equip t\u00e8cnic responsable del proc\u00e9s de participaci\u00f3 i la ciutadania. El treball de camp es realitzar\u00e0 seq\u00fcencialment, en consideraci\u00f3 a les diferents etapes del proc\u00e9s de participaci\u00f3 ciutadana. En finalitzar cada etapa, es realitzaran entrevistes i enquestes als col\u00b7lectius implicats amb la finalitat d&#8217;avaluar parcialment el proc\u00e9s i detectar possibles aspectes de millora que pogueren afectar la fase seg\u00fcent. Finalment, s&#8217;analitzaran els resultats parcials i finals obtinguts per part de l&#8217;equip cientificot\u00e8cnic responsable del present projecte, amb perspectiva de g\u00e8nere i es redactar\u00e0 l&#8217;informe final.<\/p>\n<p>Per part de la UMH, la comissi\u00f3 de seguiment i control d&#8217;este acord estar\u00e0 integrada pel vicerectorat d&#8217;Investigaci\u00f3 o persona en qui delegue, mentres que la persona que ostente la direcci\u00f3 del projecte seran les professores Margarita Brugarolas Molla Bouza i Laura Mart\u00ednez-Carrasco Mart\u00ednez. Per part de la Conselleria de Participaci\u00f3, Transpar\u00e8ncia, Cooperaci\u00f3 i Qualitat Democr\u00e0tica, la directora General de Participaci\u00f3 Ciutadana, la subdirectora General de Participaci\u00f3 Ciutadana i la cap del Servici de Pol\u00edtiques de Participaci\u00f3 Ciutadana.<\/p>","protected":false},"excerpt":{"rendered":"<p>El rector de la Universitat Miguel Hern\u00e1ndez (UMH) d&#8217;Elx, Juan Jos\u00e9 Ruiz Mart\u00ednez, i la consellera de Participaci\u00f3, Transpar\u00e8ncia, Cooperaci\u00f3 i Qualitat Democr\u00e0tica, Rosa P\u00e9rez Garijo, han firmat en el mat\u00ed del 7 juny 2021 un conveni de col\u00b7laboraci\u00f3. Mitjan\u00e7ant este acord, les dos institucions col\u00b7laboraran en la realitzaci\u00f3 d&#8217;activitats relacionades amb el foment, desenrotllament [&#8230;]<\/p>\n","protected":false},"author":3285,"featured_media":0,"comment_status":"closed","ping_status":"open","sticky":false,"template":"","format":"standard","meta":{"ngg_post_thumbnail":0,"_links_to":"","_links_to_target":""},"categories":[3011,2898],"tags":[],"_links":{"self":[{"href":"https:\/\/protocolo.umh.es\/ca\/wp-json\/wp\/v2\/posts\/25599"}],"collection":[{"href":"https:\/\/protocolo.umh.es\/ca\/wp-json\/wp\/v2\/posts"}],"about":[{"href":"https:\/\/protocolo.umh.es\/ca\/wp-json\/wp\/v2\/types\/post"}],"author":[{"embeddable":true,"href":"https:\/\/protocolo.umh.es\/ca\/wp-json\/wp\/v2\/users\/3285"}],"replies":[{"embeddable":true,"href":"https:\/\/protocolo.umh.es\/ca\/wp-json\/wp\/v2\/comments?post=25599"}],"version-history":[{"count":0,"href":"https:\/\/protocolo.umh.es\/ca\/wp-json\/wp\/v2\/posts\/25599\/revisions"}],"wp:attachment":[{"href":"https:\/\/protocolo.umh.es\/ca\/wp-json\/wp\/v2\/media?parent=25599"}],"wp:term":[{"taxonomy":"category","embeddable":true,"href":"https:\/\/protocolo.umh.es\/ca\/wp-json\/wp\/v2\/categories?post=25599"},{"taxonomy":"post_tag","embeddable":true,"href":"https:\/\/protocolo.umh.es\/ca\/wp-json\/wp\/v2\/tags?post=25599"}],"curies":[{"name":"wp","href":"https:\/\/api.w.org\/{rel}","templated":true}]}}