{"id":25449,"date":"2021-05-24T14:06:35","date_gmt":"2021-05-24T12:06:35","guid":{"rendered":"https:\/\/protocolo.umh.es\/?p=25449"},"modified":"2026-02-27T13:50:03","modified_gmt":"2026-02-27T12:50:03","slug":"la-umh-y-la-conselleria-de-innovacion-universidades-ciencia-y-sociedad-digital-colaboran-para-impulsar-la-formacion-en-innovacion","status":"publish","type":"post","link":"https:\/\/protocolo.umh.es\/ca\/2021\/05\/24\/la-umh-y-la-conselleria-de-innovacion-universidades-ciencia-y-sociedad-digital-colaboran-para-impulsar-la-formacion-en-innovacion\/","title":{"rendered":"La UMH i la Conselleria d&#8217;Innovaci\u00f3, Universitats, Ci\u00e8ncia i Societat Digital col\u00b7laboren per a impulsar la formaci\u00f3 en innovaci\u00f3"},"content":{"rendered":"<p>El rector de la Universitat Miguel Hern\u00e1ndez (UMH) d&#8217;Elx, Juan Jos\u00e9 Ruiz, i la consellera d&#8217;Innovaci\u00f3, Universitats, Ci\u00e8ncia i Societat Digital, Carolina Pascual, han presentat este mat\u00ed un programa de formaci\u00f3\u00a0en l\u00ednia,\u00a0basat en l&#8217;impuls de l&#8217;esperit innovador i emprenedor entre l&#8217;estudiantat i la comunitat universit\u00e0ria de la UMH. A l&#8217;acte han assistit, tamb\u00e9, la directora general d&#8217;Innovaci\u00f3, Sonia Tirado, el vicerector de Tecnologies de la Informaci\u00f3 de la UMH, Federico Botella, la vicerectora de Transfer\u00e8ncia i Intercanvi de Coneixement, Mar\u00eda Jos\u00e9 L\u00f3pez, i el president del Consell Social, Joaqu\u00edn P\u00e9rez V\u00e1zquez.<\/p>\n<div id=\"attachment_143491\" class=\"wp-caption alignleft\">\n<p><a href=\"https:\/\/comunicacion.umh.es\/files\/2021\/05\/principal-2.jpg\"><img loading=\"lazy\" class=\"size-medium wp-image-143491\" src=\"https:\/\/comunicacion.umh.es\/files\/2021\/05\/principal-2-300x189.jpg\" alt=\"\" width=\"300\" height=\"189\" aria-describedby=\"caption-attachment-143491\" \/><\/a><\/p>\n<p id=\"caption-attachment-143491\" class=\"wp-caption-text\"><em>Font: UMH.<\/em><\/p>\n<\/div>\n<p>A trav\u00e9s de la plataforma \u201cNanocursos\u201d de la UMH (<a href=\"https:\/\/www.nanocursos.com\/\">https:\/\/www.nanocursos.com\/<\/a>), uns 15.000 estudiants i al voltant de 3.000 PDI i PAS de la UMH podran accedir a un canal de formaci\u00f3 en Innovaci\u00f3 i Emprenedoria. La plataforma est\u00e0 basada en el microlearning i orientada a dispositius m\u00f2bils i, en esta, es poden completar les rutes d&#8217;aprenentatge \u201ca la carta\u201d. El model es basa en un aprenentatge enfocat a la visualitzaci\u00f3 en dispositiu m\u00f2bil, mitjan\u00e7ant xicotetes unitats de formaci\u00f3 i el disseny de l&#8217;aprenentatge est\u00e0 plantejat de baix cap amunt per a donar-li un format m\u00e9s curt, que no dure m\u00e9s d&#8217;entre cinc i deu minuts.<\/p>\n<p>Els nanocursos s\u00f3n unitats formatives de fins a tres hores que es componen de nanoclases (v\u00eddeos amb una duraci\u00f3 d&#8217;entre 4 i 13 minuts) i preguntes tipus test sobre el contingut del v\u00eddeo que, a m\u00e9s, a vegades inclouen documentaci\u00f3 tipus pdf o powerpoint. En cada canal s&#8217;organitza la formaci\u00f3 en \u201cnanocursos\u201d i Rutes d&#8217;Aprenentatge i un \u201cnanocurso\u201d \u00e9s una seq\u00fc\u00e8ncia ordenada de 20-25 \u201cnanoclases\u201d. Quant a la tem\u00e0tica dels cursos, abasten multitud de ferramentes tecnol\u00f2giques, orientades a l&#8217;esperit innovador en diferents \u00e0rees com la comunicaci\u00f3, el disseny, la gesti\u00f3 laboral, etc.<\/p>\n<div id=\"attachment_143494\" class=\"wp-caption alignleft\">\n<p><a href=\"https:\/\/comunicacion.umh.es\/files\/2021\/05\/24-05-21-Presentacion-Nanocursos-1.jpg\"><img loading=\"lazy\" class=\"size-medium wp-image-143494\" src=\"https:\/\/comunicacion.umh.es\/files\/2021\/05\/24-05-21-Presentacion-Nanocursos-1-300x193.jpg\" alt=\"\" width=\"300\" height=\"193\" aria-describedby=\"caption-attachment-143494\" \/><\/a><\/p>\n<p id=\"caption-attachment-143494\" class=\"wp-caption-text\"><em>Font: UMH.<\/em><\/p>\n<\/div>\n<p>La consellera d&#8217;Innovaci\u00f3, Universitats, Ci\u00e8ncia i Societat Digital, Carolina Pascual, ha afirmat que \u201cla formaci\u00f3 en innovaci\u00f3 \u00e9s imprescindible en l&#8217;\u00e8poca post-Covid, ja que el proc\u00e9s de transformaci\u00f3 digital s&#8217;ha accelerat de tal manera que totes les persones haurem de desenrotllar compet\u00e8ncies, encara que siga b\u00e0siques, en esta mat\u00e8ria\u201d. Aix\u00ed mateix, ha destacat que \u201cla col\u00b7laboraci\u00f3 amb les universitats en este objectiu \u00e9s fonamental\u201d i ha agra\u00eft a la UMH que \u201chaja incorporat a la seua plataforma uns nanocursos relacionats amb Innovaci\u00f3, entre altres coses per l&#8217;experi\u00e8ncia que aporten quant a la did\u00e0ctica perqu\u00e8 alumnat i personal de la UMH puguen adquirir noves compet\u00e8ncies\u201d.<\/p>","protected":false},"excerpt":{"rendered":"<p>El rector de la Universitat Miguel Hern\u00e1ndez (UMH) d&#8217;Elx, Juan Jos\u00e9 Ruiz, i la consellera d&#8217;Innovaci\u00f3, Universitats, Ci\u00e8ncia i Societat Digital, Carolina Pascual, han presentat este mat\u00ed un programa de formaci\u00f3\u00a0en l\u00ednia,\u00a0basat en l&#8217;impuls de l&#8217;esperit innovador i emprenedor entre l&#8217;estudiantat i la comunitat universit\u00e0ria de la UMH. A l&#8217;acte han assistit, tamb\u00e9, la directora [&#8230;]<\/p>\n","protected":false},"author":3285,"featured_media":0,"comment_status":"closed","ping_status":"open","sticky":false,"template":"","format":"standard","meta":{"ngg_post_thumbnail":0,"_links_to":"","_links_to_target":""},"categories":[3011,2898],"tags":[],"_links":{"self":[{"href":"https:\/\/protocolo.umh.es\/ca\/wp-json\/wp\/v2\/posts\/25449"}],"collection":[{"href":"https:\/\/protocolo.umh.es\/ca\/wp-json\/wp\/v2\/posts"}],"about":[{"href":"https:\/\/protocolo.umh.es\/ca\/wp-json\/wp\/v2\/types\/post"}],"author":[{"embeddable":true,"href":"https:\/\/protocolo.umh.es\/ca\/wp-json\/wp\/v2\/users\/3285"}],"replies":[{"embeddable":true,"href":"https:\/\/protocolo.umh.es\/ca\/wp-json\/wp\/v2\/comments?post=25449"}],"version-history":[{"count":0,"href":"https:\/\/protocolo.umh.es\/ca\/wp-json\/wp\/v2\/posts\/25449\/revisions"}],"wp:attachment":[{"href":"https:\/\/protocolo.umh.es\/ca\/wp-json\/wp\/v2\/media?parent=25449"}],"wp:term":[{"taxonomy":"category","embeddable":true,"href":"https:\/\/protocolo.umh.es\/ca\/wp-json\/wp\/v2\/categories?post=25449"},{"taxonomy":"post_tag","embeddable":true,"href":"https:\/\/protocolo.umh.es\/ca\/wp-json\/wp\/v2\/tags?post=25449"}],"curies":[{"name":"wp","href":"https:\/\/api.w.org\/{rel}","templated":true}]}}