{"id":228,"date":"2012-05-17T13:37:36","date_gmt":"2012-05-17T13:37:36","guid":{"rendered":"http:\/\/protocolo.umh.es\/2012\/05\/17\/conferencia-magistral-del-acto-de-bienvenida-a-los-nuevos-residentes-y-despedida-a-los-que-finalizan-su-formacion-del-hospital-universitario-de-elche\/"},"modified":"2012-07-30T14:17:04","modified_gmt":"2012-07-30T12:17:04","slug":"conferencia-magistral-del-acto-de-bienvenida-a-los-nuevos-residentes-y-despedida-a-los-que-finalizan-su-formacion-del-hospital-universitario-de-elche","status":"publish","type":"post","link":"https:\/\/protocolo.umh.es\/ca\/2012\/05\/17\/conferencia-magistral-del-acto-de-bienvenida-a-los-nuevos-residentes-y-despedida-a-los-que-finalizan-su-formacion-del-hospital-universitario-de-elche\/","title":{"rendered":"Benvinguda i comiat als residents l&#8217;Hospital Universitari d&#8217;Elx"},"content":{"rendered":"<p><\/p>\n<p><p>El rector de la Universitat Miguel Hern\u00e1ndez\u00a0d&#8217;Elx, Jes\u00fas Tadeo Pastor Ciurana, ha impartit la confer\u00e8ncia magistral de l&#8217;acte de benvinguda als nous residents i comiat als quals finalitzen la seua formaci\u00f3 de l&#8217;Hospital Universitari d&#8217;Elx. La xarrada, titulada \u201cLa Ci\u00e8ncia en 2012: alguns avan\u00e7os,\u201d a les 12:30 hores, en el Sal\u00f3 d&#8217;Actes de l&#8217;Hospital Universitari d&#8217;Elx.<\/p>\n<p>L&#8217;acte en el qual ha participat el rector de la UMH, organitzat per la Ger\u00e8ncia Adre\u00e7a M\u00e8dica i la Comissi\u00f3 de Doc\u00e8ncia de l&#8217;Hospital amb la col\u00b7laboraci\u00f3 de la Fundaci\u00f3 per a la Investigaci\u00f3 Biom\u00e8dica, acollir\u00e0 el lliurament de Certificats de Resid\u00e8ncia als Residents que acaben la seua formaci\u00f3 i dels Premis Final de Resid\u00e8ncia 2012.<\/p>\n<\/p>\n<p><\/p>","protected":false},"excerpt":{"rendered":"<p>El rector de la Universitat Miguel Hern\u00e1ndez\u00a0d&#8217;Elx, Jes\u00fas Tadeo Pastor Ciurana, ha impartit la confer\u00e8ncia magistral de l&#8217;acte de benvinguda als nous residents i comiat als quals finalitzen la seua formaci\u00f3 de l&#8217;Hospital Universitari d&#8217;Elx. La xarrada, titulada \u201cLa Ci\u00e8ncia en 2012: alguns avan\u00e7os,\u201d a les 12:30 hores, en el Sal\u00f3 d&#8217;Actes de l&#8217;Hospital Universitari [&#8230;]<\/p>\n","protected":false},"author":309,"featured_media":0,"comment_status":"closed","ping_status":"open","sticky":false,"template":"","format":"standard","meta":{"ngg_post_thumbnail":0,"_links_to":"","_links_to_target":""},"categories":[4616,2898],"tags":[],"_links":{"self":[{"href":"https:\/\/protocolo.umh.es\/ca\/wp-json\/wp\/v2\/posts\/228"}],"collection":[{"href":"https:\/\/protocolo.umh.es\/ca\/wp-json\/wp\/v2\/posts"}],"about":[{"href":"https:\/\/protocolo.umh.es\/ca\/wp-json\/wp\/v2\/types\/post"}],"author":[{"embeddable":true,"href":"https:\/\/protocolo.umh.es\/ca\/wp-json\/wp\/v2\/users\/309"}],"replies":[{"embeddable":true,"href":"https:\/\/protocolo.umh.es\/ca\/wp-json\/wp\/v2\/comments?post=228"}],"version-history":[{"count":0,"href":"https:\/\/protocolo.umh.es\/ca\/wp-json\/wp\/v2\/posts\/228\/revisions"}],"wp:attachment":[{"href":"https:\/\/protocolo.umh.es\/ca\/wp-json\/wp\/v2\/media?parent=228"}],"wp:term":[{"taxonomy":"category","embeddable":true,"href":"https:\/\/protocolo.umh.es\/ca\/wp-json\/wp\/v2\/categories?post=228"},{"taxonomy":"post_tag","embeddable":true,"href":"https:\/\/protocolo.umh.es\/ca\/wp-json\/wp\/v2\/tags?post=228"}],"curies":[{"name":"wp","href":"https:\/\/api.w.org\/{rel}","templated":true}]}}