{"id":18704,"date":"2019-03-11T13:10:04","date_gmt":"2019-03-11T12:10:04","guid":{"rendered":"https:\/\/protocolo.umh.es\/?p=18704"},"modified":"2026-02-27T12:24:25","modified_gmt":"2026-02-27T11:24:25","slug":"los-hermanos-huedo-diaz-donan-una-coleccion-de-unas-5-000-fotografias-sobre-el-misteri-delx-a-la-catedra-pedro-ibarra","status":"publish","type":"post","link":"https:\/\/protocolo.umh.es\/ca\/2019\/03\/11\/los-hermanos-huedo-diaz-donan-una-coleccion-de-unas-5-000-fotografias-sobre-el-misteri-delx-a-la-catedra-pedro-ibarra\/","title":{"rendered":"Els germans Huedo D\u00edaz donen una col\u00b7lecci\u00f3 d&#8217;unes 5.000 fotografies sobre el Misteri d\u2019Elx a la C\u00e0tedra Pedro Ibarra"},"content":{"rendered":"<p>Fernando Huedo D\u00edaz i Juan Huedo D\u00edaz han donat a la C\u00e0tedra Institucional Pedro Ibarra de la Universitat Miguel Hern\u00e1ndez (UMH) d&#8217;Elx al voltant de 5.000 fotografies sobre el Misteri d\u2019Elx. A l&#8217;acte han assistit el rector de la UMH, Jes\u00fas Pastor Ciurana, la secret\u00e0ria general de la Universitat, Mercedes S\u00e1nchez Castillo, i el director de la C\u00e0tedra Pedro Ibarra, Miguel Ors Montenegro.<\/p>\n<p style=\"text-align: justify\"><a href=\"https:\/\/comunicacion.umh.es\/files\/2019\/03\/07-03-19-cesion-imagenes-catedra.jpg\"><img loading=\"lazy\" class=\"size-medium wp-image-121883 alignleft\" src=\"https:\/\/comunicacion.umh.es\/files\/2019\/03\/07-03-19-cesion-imagenes-catedra-300x245.jpg\" alt=\"\" width=\"300\" height=\"245\" \/><\/a>En concret, els germans Huedo D\u00edaz han donat una col\u00b7lecci\u00f3 d&#8217;imatges digitalitzades, valorades en 15.000 euros. Estes fotografies, realitzades per Fernando i Juan, es van prendre durant el per\u00edode compr\u00e9s entre 2003 i 2018. Els b\u00e9ns donats passaran a formar part del Patrimoni de la Universitat.<\/p>\n<p><\/p>","protected":false},"excerpt":{"rendered":"<p>Fernando Huedo D\u00edaz i Juan Huedo D\u00edaz han donat a la C\u00e0tedra Institucional Pedro Ibarra de la Universitat Miguel Hern\u00e1ndez (UMH) d&#8217;Elx al voltant de 5.000 fotografies sobre el Misteri d\u2019Elx. A l&#8217;acte han assistit el rector de la UMH, Jes\u00fas Pastor Ciurana, la secret\u00e0ria general de la Universitat, Mercedes S\u00e1nchez Castillo, i el director [&#8230;]<\/p>\n","protected":false},"author":3047,"featured_media":0,"comment_status":"closed","ping_status":"open","sticky":false,"template":"","format":"standard","meta":{"ngg_post_thumbnail":0,"_links_to":"","_links_to_target":""},"categories":[3570,2898],"tags":[],"_links":{"self":[{"href":"https:\/\/protocolo.umh.es\/ca\/wp-json\/wp\/v2\/posts\/18704"}],"collection":[{"href":"https:\/\/protocolo.umh.es\/ca\/wp-json\/wp\/v2\/posts"}],"about":[{"href":"https:\/\/protocolo.umh.es\/ca\/wp-json\/wp\/v2\/types\/post"}],"author":[{"embeddable":true,"href":"https:\/\/protocolo.umh.es\/ca\/wp-json\/wp\/v2\/users\/3047"}],"replies":[{"embeddable":true,"href":"https:\/\/protocolo.umh.es\/ca\/wp-json\/wp\/v2\/comments?post=18704"}],"version-history":[{"count":0,"href":"https:\/\/protocolo.umh.es\/ca\/wp-json\/wp\/v2\/posts\/18704\/revisions"}],"wp:attachment":[{"href":"https:\/\/protocolo.umh.es\/ca\/wp-json\/wp\/v2\/media?parent=18704"}],"wp:term":[{"taxonomy":"category","embeddable":true,"href":"https:\/\/protocolo.umh.es\/ca\/wp-json\/wp\/v2\/categories?post=18704"},{"taxonomy":"post_tag","embeddable":true,"href":"https:\/\/protocolo.umh.es\/ca\/wp-json\/wp\/v2\/tags?post=18704"}],"curies":[{"name":"wp","href":"https:\/\/api.w.org\/{rel}","templated":true}]}}