{"id":17,"date":"2012-01-27T16:16:43","date_gmt":"2012-01-27T16:16:43","guid":{"rendered":"http:\/\/protocolo.umh.es\/2012\/02\/08\/santo-tomas-de-aquino\/"},"modified":"2021-04-20T12:36:28","modified_gmt":"2021-04-20T10:36:28","slug":"santo-tomas-de-aquino","status":"publish","type":"post","link":"https:\/\/protocolo.umh.es\/ca\/2012\/01\/27\/santo-tomas-de-aquino\/","title":{"rendered":"Festivitat de Sant Tom\u00e0s d&#8217;Aquino 2012 i investidura de L&#8217;Excma. Dra. M\u00aa Josefa Yzuel Gim\u00e9nez com a Doctora Honoris Causa."},"content":{"rendered":"<p>Durant el Solemne Acte\u00a0Acad\u00e8mic de Sant Tom\u00e0s Aquino, la UMH,\u00a0va investir com Doctora Honoris Causa a la catedr\u00e0tica d&#8217;\u00d2ptica de la Universitat Aut\u00f2noma de Barcelona, Mar\u00eda Josefa Yzuel Gim\u00e9nez. Adem\u00e9s, es va investir a 81\u00a0Nous Doctors i es van entregar 40 premis Extraordinaris\u00a0 de Titulaci\u00f3,\u00a030 diplomes a docents destacats, 15 premis Extraordinaris de Doctorat \u00a0i 11 diplomes als Projectes\u00a0Bancaixa de grups emergents d&#8217;investigaci\u00f3.<\/p>\n<p style=\"text-align: center\"><a href=\"https:\/\/protocolo.umh.es\/2012\/01\/27\/santo-tomas-de-aquino\/\"><img loading=\"lazy\" class=\"aligncenter\" title=\"Tomas de Aquitino y Honoris Yzuel_MG_7917\" alt=\"\" src=\"https:\/\/protocolo.umh.es\/files\/2012\/02\/Tomas-de-Aquitino-y-Honoris-Yzuel_MG_7917-300x200.jpg\" width=\"324\" height=\"212\" \/><\/a><\/p>\n<ul>\n<li><a href=\"https:\/\/protocolo.umh.es\/2012\/01\/27\/dhc-m%c2%aa-josefa-yzuel-gimenez\/\" target=\"_self\" rel=\"noopener noreferrer\">Galeria de images del Acte d&#8217; Investidura de Doctora Honoris Causa de la Sra. M\u00aa Josefa Yzuel Gim\u00e9nez.<\/a><\/li>\n<li><a href=\"https:\/\/protocolo.umh.es\/2012\/01\/27\/santo-tomas-2012-nuevos-doctores\/\" target=\"_self\" rel=\"noopener noreferrer\">Galeria de images dels Nous Doctors de la\u00a0Festivitat de Sant\u00a0Tom\u00e0s d&#8217;Aquino 2012<\/a><\/li>\n<li><a href=\"https:\/\/protocolo.umh.es\/2012\/01\/27\/premios-extraordinarios-de-titulacion-y-de-doctorado\/\" target=\"_self\" rel=\"noopener noreferrer\">Galeria de images de Premiats Extraordinaris de Titulaci\u00f3 i de de Doctorat.\u00a0<\/a><a href=\"https:\/\/protocolo.umh.es\/2012\/01\/07\/alumnos-y-profesores-premiados-2012\/\" target=\"_self\" rel=\"noopener noreferrer\">Galeria de images de Docents Destacads<\/a><\/li>\n<li><a href=\"https:\/\/protocolo.umh.es\/2012\/01\/27\/santo-tomas-2012-bancaja-grupos-emergentes\/\" target=\"_self\" rel=\"noopener noreferrer\">Galeria de images de Premiats Bancaixa Grups Emergents<\/a><\/li>\n<\/ul>\n<p><a href=\"https:\/\/protocolo.umh.es\/2012\/01\/27\/santo-tomas-de-aquino\/\"><img loading=\"lazy\" title=\"pulse 1\" alt=\"\" src=\"https:\/\/protocolo.umh.es\/files\/2012\/02\/pulse-11-150x150.jpg\" width=\"22\" height=\"23\" \/><\/a>Polse en els enlla\u00e7os per veure les imatges de l&#8217;acte.<\/p>\n<ul>\n<li><a href=\"https:\/\/protocolo.umh.es\/files\/2012\/01\/CEREMONIAL-SANTO-TOMAS-27_01_12.pdf\" target=\"_self\" rel=\"noopener noreferrer\">Cerimonial de l&#8217;acte <\/a><\/li>\n<\/ul>\n<p>Discursos de l&#8217;acte:<\/p>\n<ul>\n<li><a href=\"https:\/\/protocolo.umh.es\/files\/2012\/01\/Discurso-Rector-con-plantilla.pdf\" target=\"_blank\" rel=\"noopener noreferrer\">Discurs del Rector<\/a><\/li>\n<li><a href=\"https:\/\/protocolo.umh.es\/files\/2012\/01\/Discurso-DHC-con-plantilla-1.pdf\" target=\"_self\" rel=\"noopener noreferrer\">Discurs de la Doctora Honoris Causa<\/a><\/li>\n<li><a href=\"https:\/\/protocolo.umh.es\/files\/2012\/01\/Laudatio-Padrino-con-plantilla.pdf\" target=\"_self\" rel=\"noopener noreferrer\">Discurs del Padr\u00ed Prof. Ignacio Moreno Soriano<\/a><\/li>\n<\/ul>\n<p><\/p>","protected":false},"excerpt":{"rendered":"<p>Durant el Solemne Acte\u00a0Acad\u00e8mic de Sant Tom\u00e0s Aquino, la UMH,\u00a0va investir com Doctora Honoris Causa a la catedr\u00e0tica d&#8217;\u00d2ptica de la Universitat Aut\u00f2noma de Barcelona, Mar\u00eda Josefa Yzuel Gim\u00e9nez. Adem\u00e9s, es va investir a 81\u00a0Nous Doctors i es van entregar 40 premis Extraordinaris\u00a0 de Titulaci\u00f3,\u00a030 diplomes a docents destacats, 15 premis Extraordinaris de Doctorat \u00a0i [&#8230;]<\/p>\n","protected":false},"author":309,"featured_media":0,"comment_status":"closed","ping_status":"open","sticky":false,"template":"","format":"standard","meta":{"ngg_post_thumbnail":0,"_links_to":"","_links_to_target":""},"categories":[2477,649,4,651,652],"tags":[2480],"_links":{"self":[{"href":"https:\/\/protocolo.umh.es\/ca\/wp-json\/wp\/v2\/posts\/17"}],"collection":[{"href":"https:\/\/protocolo.umh.es\/ca\/wp-json\/wp\/v2\/posts"}],"about":[{"href":"https:\/\/protocolo.umh.es\/ca\/wp-json\/wp\/v2\/types\/post"}],"author":[{"embeddable":true,"href":"https:\/\/protocolo.umh.es\/ca\/wp-json\/wp\/v2\/users\/309"}],"replies":[{"embeddable":true,"href":"https:\/\/protocolo.umh.es\/ca\/wp-json\/wp\/v2\/comments?post=17"}],"version-history":[{"count":0,"href":"https:\/\/protocolo.umh.es\/ca\/wp-json\/wp\/v2\/posts\/17\/revisions"}],"wp:attachment":[{"href":"https:\/\/protocolo.umh.es\/ca\/wp-json\/wp\/v2\/media?parent=17"}],"wp:term":[{"taxonomy":"category","embeddable":true,"href":"https:\/\/protocolo.umh.es\/ca\/wp-json\/wp\/v2\/categories?post=17"},{"taxonomy":"post_tag","embeddable":true,"href":"https:\/\/protocolo.umh.es\/ca\/wp-json\/wp\/v2\/tags?post=17"}],"curies":[{"name":"wp","href":"https:\/\/api.w.org\/{rel}","templated":true}]}}