{"id":16775,"date":"2019-01-21T09:34:44","date_gmt":"2019-01-21T08:34:44","guid":{"rendered":"https:\/\/protocolo.umh.es\/?p=16775"},"modified":"2026-03-04T10:08:45","modified_gmt":"2026-03-04T09:08:45","slug":"inauguracion-de-los-nuevos-estudios-de-radio-en-los-campus-de-elche-altea-y-orihuela","status":"publish","type":"post","link":"https:\/\/protocolo.umh.es\/ca\/2019\/01\/21\/inauguracion-de-los-nuevos-estudios-de-radio-en-los-campus-de-elche-altea-y-orihuela\/","title":{"rendered":"Inauguraci\u00f3 dels nous estudis de radi als campus d&#8217;Elx, Altea i Orihuela."},"content":{"rendered":"<p><\/p>\n<p style=\"text-align: justify\">El rector de la Universitat Miguel Hern\u00e1ndez (UMH) d&#8217;Elx, Jes\u00fas Pastor Ciurana, ha inaugurat les instal\u00b7lacions del nou estudi digital de r\u00e0dio del campus d&#8217;Elx. La inauguraci\u00f3 d&#8217;estes noves instal\u00b7lacions ha coincidit amb l&#8217;emissi\u00f3 en directe des del nou estudi de R\u00e0dio UMH del magaz\u00edn musical \u201cTerritori Sonor\u201d d\u2019\u00c0punt M\u00e8dia, en el qual la periodista Am\u00e0lia Garrig\u00f3s ha entrevistat el rector Jes\u00fas Pastor. A m\u00e9s dels nous estudis de r\u00e0dio del campus d&#8217;Elx, la UMH ha inaugurat el del campus d&#8217;Altea i el del campus d&#8217;Orihuela-sede Desamparados.<\/p>\n<p style=\"text-align: justify\"><a href=\"https:\/\/comunicacion.umh.es\/files\/2018\/12\/ppal-4.jpg\"><img loading=\"lazy\" class=\" wp-image-118997 alignleft\" src=\"https:\/\/comunicacion.umh.es\/files\/2018\/12\/ppal-4-300x225.jpg\" alt=\"\" width=\"347\" height=\"260\" \/><\/a><\/p>\n<p>A l&#8217;emissi\u00f3 d&#8217;este espai radiof\u00f2nic d\u2019\u00c0punt *M\u00e8dia han assistit, tamb\u00e9, estudiants dels Graus en Periodisme, en Comunicaci\u00f3 Audiovisual i del doble Grau en Comunicaci\u00f3 Audiovisual i Periodisme de la UMH.<\/p>\n<p>L&#8217;espai musical \u2018Territori Sonor\u2019 t\u00e9 com a objectiu celebrar el primer any de vida radiof\u00f2nica de \u00c0punt M\u00e8dia a trav\u00e9s de la interacci\u00f3 amb els professionals del futur i mostrar el ventall de propostes musicals de les comarques de l&#8217;Alt Vinalop\u00f3, Baix i Mig Vinalop\u00f3, l&#8217;Alacant\u00ed i el Baix Segura.<\/p>\n<p>Els nous estudis de R\u00e0dio UMH del campus d&#8217;Elx estan equipats amb una taula de so digital que disposa de mescladors i codificadors d&#8217;\u00e0udio sobre xarxa IP per a permetre la interconnexi\u00f3 simult\u00e0nia dels 7 estudis radiof\u00f2nics de la r\u00e0dio universit\u00e0ria. Aix\u00ed mateix, l&#8217;estudi digital de R\u00e0dio UMH potenciar\u00e0 la dimensi\u00f3 audiovisual de la r\u00e0dio amb la implementaci\u00f3 de dos c\u00e0meres robotitzades i un sistema de realitzaci\u00f3 multic\u00e0mera sobre protocol *NDI, la finalitat del qual \u00e9s l&#8217;emissi\u00f3 en imatges dels programes de r\u00e0dio a trav\u00e9s de les xarxes socials i els terminals de TV que hi ha distribu\u00efts pels quatre campus.<\/p>\n<p>Esta infraestructura compta, tamb\u00e9, amb un ampli locutori que, a m\u00e9s d&#8217;acollir a 8 locutors, t\u00e9 capacitat per a albergar fins a 50 persones. Estes particularitats afavorixen la doc\u00e8ncia, la realitzaci\u00f3 de pr\u00e0ctiques i la celebraci\u00f3 d&#8217;activitats relacionades amb les titulacions de Comunicaci\u00f3 Audiovisual, Periodisme i el doble Grau en Comunicaci\u00f3 Audiovisual i Periodisme, aix\u00ed com l&#8217;assist\u00e8ncia de p\u00fablic a la gravaci\u00f3\/emissi\u00f3 en directe de diferents programes de R\u00e0dio UMH i d&#8217;altres espais.<\/p>\n<p>L&#8217;estudi del campus d&#8217;Orihuela \u2013 sede Desemparats i el d&#8217;Altea posse\u00efxen una taula de so digital de 8 canals, 2 targetes de reproducci\u00f3\/gravaci\u00f3, 5 micr\u00f2fons direccionals cardioides, 1 platina de reproducci\u00f3 multim\u00e8dia, 1 l\u00ednia de *audiocodificador per a realitzar connexions amb els estudis centrals d&#8217;Elx o altres emissores de r\u00e0dio i 2 l\u00ednies telef\u00f2niques.<\/p>","protected":false},"excerpt":{"rendered":"<p>El rector de la Universitat Miguel Hern\u00e1ndez (UMH) d&#8217;Elx, Jes\u00fas Pastor Ciurana, ha inaugurat les instal\u00b7lacions del nou estudi digital de r\u00e0dio del campus d&#8217;Elx. La inauguraci\u00f3 d&#8217;estes noves instal\u00b7lacions ha coincidit amb l&#8217;emissi\u00f3 en directe des del nou estudi de R\u00e0dio UMH del magaz\u00edn musical \u201cTerritori Sonor\u201d d\u2019\u00c0punt M\u00e8dia, en el qual la periodista [&#8230;]<\/p>\n","protected":false},"author":3047,"featured_media":0,"comment_status":"closed","ping_status":"open","sticky":false,"template":"","format":"standard","meta":{"ngg_post_thumbnail":0,"_links_to":"","_links_to_target":""},"categories":[3102],"tags":[],"_links":{"self":[{"href":"https:\/\/protocolo.umh.es\/ca\/wp-json\/wp\/v2\/posts\/16775"}],"collection":[{"href":"https:\/\/protocolo.umh.es\/ca\/wp-json\/wp\/v2\/posts"}],"about":[{"href":"https:\/\/protocolo.umh.es\/ca\/wp-json\/wp\/v2\/types\/post"}],"author":[{"embeddable":true,"href":"https:\/\/protocolo.umh.es\/ca\/wp-json\/wp\/v2\/users\/3047"}],"replies":[{"embeddable":true,"href":"https:\/\/protocolo.umh.es\/ca\/wp-json\/wp\/v2\/comments?post=16775"}],"version-history":[{"count":0,"href":"https:\/\/protocolo.umh.es\/ca\/wp-json\/wp\/v2\/posts\/16775\/revisions"}],"wp:attachment":[{"href":"https:\/\/protocolo.umh.es\/ca\/wp-json\/wp\/v2\/media?parent=16775"}],"wp:term":[{"taxonomy":"category","embeddable":true,"href":"https:\/\/protocolo.umh.es\/ca\/wp-json\/wp\/v2\/categories?post=16775"},{"taxonomy":"post_tag","embeddable":true,"href":"https:\/\/protocolo.umh.es\/ca\/wp-json\/wp\/v2\/tags?post=16775"}],"curies":[{"name":"wp","href":"https:\/\/api.w.org\/{rel}","templated":true}]}}