{"id":16772,"date":"2019-01-21T09:30:42","date_gmt":"2019-01-21T08:30:42","guid":{"rendered":"https:\/\/protocolo.umh.es\/?p=16772"},"modified":"2026-02-27T12:28:06","modified_gmt":"2026-02-27T11:28:06","slug":"la-umh-y-la-fundacion-para-la-adherencia-al-tratamiento-crean-la-primera-catedra-de-adherencia-al-tratamiento-de-espana","status":"publish","type":"post","link":"https:\/\/protocolo.umh.es\/ca\/2019\/01\/21\/la-umh-y-la-fundacion-para-la-adherencia-al-tratamiento-crean-la-primera-catedra-de-adherencia-al-tratamiento-de-espana\/","title":{"rendered":"La UMH i la Fundaci\u00f3 per a l&#8217;Adher\u00e8ncia al Tractament creen la primera \u201cC\u00e0tedra d&#8217;Adher\u00e8ncia al Tractament\u201d d&#8217;Espanya."},"content":{"rendered":"<p><\/p>\n<p style=\"text-align: justify\">El rector de la Universitat Miguel Hern\u00e1ndez (UMH) d&#8217;Elx, Jes\u00fas Pastor Ciurana, i el vicepresident de la Fundaci\u00f3 per a l&#8217;Adher\u00e8ncia al Tractament (FUNDOAT-Grup OAT), Jos\u00e9 Luis Casteig Ayestar\u00e1n, han firmat este mat\u00ed un conveni per a la creaci\u00f3 de la \u201cC\u00e0tedra d&#8217;Adher\u00e8ncia al Tractament\u201d, primera d&#8217;estes caracter\u00edstiques a Espanya. Amb la creaci\u00f3 d&#8217;esta C\u00e0tedra, les dos entitats pretenen millorar el coneixement i maneig de l&#8217;adher\u00e8ncia en el sector salut dels diferents agents sanitaris i pacients. \u00c9s a dir, optimitzar el seguiment del tractament en pacients cr\u00f2nics en atenci\u00f3 prim\u00e0ria.<\/p>\n<p style=\"text-align: justify\"><a href=\"https:\/\/comunicacion.umh.es\/files\/2018\/12\/ppal-3.jpg\"><img loading=\"lazy\" class=\"size-medium wp-image-118883 alignleft\" src=\"https:\/\/comunicacion.umh.es\/files\/2018\/12\/ppal-3-300x200.jpg\" alt=\"\" width=\"300\" height=\"200\" \/><\/a><\/p>\n<p>El director d&#8217;esta C\u00e0tedra ser\u00e0 el professor del Departament de Farmacologia, Pediatria i Qu\u00edmica Org\u00e0nica de la UMH Ernesto Cort\u00e9s Castell. A la firma d&#8217;este conveni ha assistit, tamb\u00e9, el vicerector d&#8217;Investigaci\u00f3 i Innovaci\u00f3 de la UMH, Manuel *Jord\u00e1n, i els membres del Consell Assessor de la C\u00e0tedra Jes\u00fas D\u00edaz, Carmen Vald\u00e9s i Mercedes Rizo.<\/p>\n<p>Els objectius generals de la \u201cC\u00e0tedra d&#8217;Adher\u00e8ncia al Tractament\u201d s\u00f3n la formaci\u00f3, investigaci\u00f3 i el desenrotllament i la transfer\u00e8ncia de coneixement en l&#8217;\u00e0mbit de l&#8217;adher\u00e8ncia a tractaments m\u00e8dics en atenci\u00f3 prim\u00e0ria\/hospital\u00e0ria, mitjan\u00e7ant la realitzaci\u00f3 de les corresponents activitats formatives, d&#8217;investigaci\u00f3 i organitzaci\u00f3 de seminaris, confer\u00e8ncies o altres activitats de divulgaci\u00f3.<\/p>\n<p>&nbsp;<\/p>","protected":false},"excerpt":{"rendered":"<p>El rector de la Universitat Miguel Hern\u00e1ndez (UMH) d&#8217;Elx, Jes\u00fas Pastor Ciurana, i el vicepresident de la Fundaci\u00f3 per a l&#8217;Adher\u00e8ncia al Tractament (FUNDOAT-Grup OAT), Jos\u00e9 Luis Casteig Ayestar\u00e1n, han firmat este mat\u00ed un conveni per a la creaci\u00f3 de la \u201cC\u00e0tedra d&#8217;Adher\u00e8ncia al Tractament\u201d, primera d&#8217;estes caracter\u00edstiques a Espanya. Amb la creaci\u00f3 d&#8217;esta C\u00e0tedra, [&#8230;]<\/p>\n","protected":false},"author":3047,"featured_media":0,"comment_status":"closed","ping_status":"open","sticky":false,"template":"","format":"standard","meta":{"ngg_post_thumbnail":0,"_links_to":"","_links_to_target":""},"categories":[3570],"tags":[],"_links":{"self":[{"href":"https:\/\/protocolo.umh.es\/ca\/wp-json\/wp\/v2\/posts\/16772"}],"collection":[{"href":"https:\/\/protocolo.umh.es\/ca\/wp-json\/wp\/v2\/posts"}],"about":[{"href":"https:\/\/protocolo.umh.es\/ca\/wp-json\/wp\/v2\/types\/post"}],"author":[{"embeddable":true,"href":"https:\/\/protocolo.umh.es\/ca\/wp-json\/wp\/v2\/users\/3047"}],"replies":[{"embeddable":true,"href":"https:\/\/protocolo.umh.es\/ca\/wp-json\/wp\/v2\/comments?post=16772"}],"version-history":[{"count":0,"href":"https:\/\/protocolo.umh.es\/ca\/wp-json\/wp\/v2\/posts\/16772\/revisions"}],"wp:attachment":[{"href":"https:\/\/protocolo.umh.es\/ca\/wp-json\/wp\/v2\/media?parent=16772"}],"wp:term":[{"taxonomy":"category","embeddable":true,"href":"https:\/\/protocolo.umh.es\/ca\/wp-json\/wp\/v2\/categories?post=16772"},{"taxonomy":"post_tag","embeddable":true,"href":"https:\/\/protocolo.umh.es\/ca\/wp-json\/wp\/v2\/tags?post=16772"}],"curies":[{"name":"wp","href":"https:\/\/api.w.org\/{rel}","templated":true}]}}