{"id":16715,"date":"2018-11-19T09:36:00","date_gmt":"2018-11-19T08:36:00","guid":{"rendered":"http:\/\/protocolo.umh.es\/?p=16715"},"modified":"2018-12-11T09:58:48","modified_gmt":"2018-12-11T08:58:48","slug":"los-rectores-de-las-universidades-publicas-valencianas-participan-en-un-encuentro-de-la-real-sociedad-economica-amigos-del-pais-de-valencia","status":"publish","type":"post","link":"https:\/\/protocolo.umh.es\/ca\/2018\/11\/19\/los-rectores-de-las-universidades-publicas-valencianas-participan-en-un-encuentro-de-la-real-sociedad-economica-amigos-del-pais-de-valencia\/","title":{"rendered":"<span lang=\"es\">(Espa\u00f1ol) Los rectores de las universidades p\u00fablicas valencianas participan en un encuentro de la Real Sociedad Econ\u00f3mica Amigos del Pa\u00eds de Valencia<\/span>"},"content":{"rendered":"<p class=\"qtranxs-available-languages-message qtranxs-available-languages-message-ca\">Ho sentim, aquesta entrada es troba disponible \u00fanicament en <a href=\"https:\/\/protocolo.umh.es\/es\/wp-json\/wp\/v2\/posts\/16715\" class=\"qtranxs-available-language-link qtranxs-available-language-link-es\" title=\"Espa\u00f1ol\">Espanyol Europeu<\/a>.<\/p>","protected":false},"excerpt":{"rendered":"<p>Ho sentim, aquesta entrada es troba disponible \u00fanicament en Espanyol Europeu.<\/p>\n","protected":false},"author":3575,"featured_media":0,"comment_status":"closed","ping_status":"open","sticky":false,"template":"","format":"standard","meta":{"ngg_post_thumbnail":0,"_links_to":"","_links_to_target":""},"categories":[2898],"tags":[53348],"_links":{"self":[{"href":"https:\/\/protocolo.umh.es\/ca\/wp-json\/wp\/v2\/posts\/16715"}],"collection":[{"href":"https:\/\/protocolo.umh.es\/ca\/wp-json\/wp\/v2\/posts"}],"about":[{"href":"https:\/\/protocolo.umh.es\/ca\/wp-json\/wp\/v2\/types\/post"}],"author":[{"embeddable":true,"href":"https:\/\/protocolo.umh.es\/ca\/wp-json\/wp\/v2\/users\/3575"}],"replies":[{"embeddable":true,"href":"https:\/\/protocolo.umh.es\/ca\/wp-json\/wp\/v2\/comments?post=16715"}],"version-history":[{"count":0,"href":"https:\/\/protocolo.umh.es\/ca\/wp-json\/wp\/v2\/posts\/16715\/revisions"}],"wp:attachment":[{"href":"https:\/\/protocolo.umh.es\/ca\/wp-json\/wp\/v2\/media?parent=16715"}],"wp:term":[{"taxonomy":"category","embeddable":true,"href":"https:\/\/protocolo.umh.es\/ca\/wp-json\/wp\/v2\/categories?post=16715"},{"taxonomy":"post_tag","embeddable":true,"href":"https:\/\/protocolo.umh.es\/ca\/wp-json\/wp\/v2\/tags?post=16715"}],"curies":[{"name":"wp","href":"https:\/\/api.w.org\/{rel}","templated":true}]}}