{"id":1641,"date":"2015-03-20T13:41:20","date_gmt":"2015-03-20T12:41:20","guid":{"rendered":"http:\/\/protocolo.umh.es\/?p=1641"},"modified":"2026-02-24T11:59:57","modified_gmt":"2026-02-24T10:59:57","slug":"entrega-de-los-galardones-de-la-x-edicion-de-los-premios-consejo-social","status":"publish","type":"post","link":"https:\/\/protocolo.umh.es\/ca\/2015\/03\/20\/entrega-de-los-galardones-de-la-x-edicion-de-los-premios-consejo-social\/","title":{"rendered":"Lliurament dels guardons de la \u201cX edici\u00f3 dels Premis Consell Social\u201d"},"content":{"rendered":"<p>El Consell Social de la Universitat Miguel Hern\u00e1ndez (UMH) d&#8217;Elx ha entregat els guardons de la \u201cX edici\u00f3 dels Premis Consell Social\u201d en les modalitats d&#8217;Empreses i Institucions, Investigaci\u00f3, Estudiants, Excel\u00b7l\u00e8ncia Docent, Accions d&#8217;Innovaci\u00f3 en la Gesti\u00f3, Entitat sense \u00e0nim de lucre, Millor Esportista Universitari, Rellev\u00e0ncia Social i C\u00e0tedres UMH.<\/p>\n<p><img loading=\"lazy\" class=\"size-medium wp-image-1643 aligncenter\" src=\"https:\/\/protocolo.umh.es\/files\/2015\/03\/2015-03-04-X-Premios-Consejo-Social-2-300x200.jpg\" alt=\"2015-03-04 X Premios Consejo-Social 2\" width=\"300\" height=\"200\" srcset=\"https:\/\/protocolo.umh.es\/files\/2015\/03\/2015-03-04-X-Premios-Consejo-Social-2-300x200.jpg 300w, https:\/\/protocolo.umh.es\/files\/2015\/03\/2015-03-04-X-Premios-Consejo-Social-2.jpg 850w\" sizes=\"(max-width: 300px) 100vw, 300px\" \/><\/p>\n<p>El premi Estudiants ha correspost als alumnes Luc\u00eda Rial \u00c1lvarez, Mar\u00eda del Carmen Pons Torres i Javier Alonso \u00c1lvarez. Amb este premi es reconeix la traject\u00f2ria dels estudiants i es valora, a m\u00e9s dels seus coneixements te\u00f2rics, la seua experi\u00e8ncia, les seues habilitats professionals, la dimensi\u00f3 europea del seu curr\u00edculum i la seua implicaci\u00f3 social.<\/p>\n<p>El premi Investigaci\u00f3 en la categoria \u201cGrups d&#8217;Investigaci\u00f3\u201d ha recaigut en el grup \u201cEpidemiologia de la nutrici\u00f3\u201d, el director de la qual \u00e9s Jes\u00fas Vioque L\u00f3pez. En la categoria \u201cJ\u00f3vens Investigadors\u201d, el guardonat ha sigut el professor del Departament de Psicologia de la Salut David Gonz\u00e1lez-Cutre Coll.<\/p>\n<p>El premi a l&#8217;Excel\u00b7l\u00e8ncia Docent s&#8217;ha concedit a les professores Mar\u00eda del Carmen Acosta Boj, de la Facultat de Medicina, i Juana Aznar M\u00e1rquez, de la Facultat de Ci\u00e8ncies Socials i Jur\u00eddiques d&#8217;Elx. Este premi es convoca en el marc d&#8217;un conveni firmat entre la UMH i la Conselleria d&#8217;Educaci\u00f3, Cultura i Esport.<\/p>\n<p>Per part seua, el Grup Tele Elx-Radi Marca ha obtingut el guard\u00f3 Empreses i Institucions. Amb este premi, es reconeix la traject\u00f2ria consolidada d&#8217;este mitj\u00e0 de comunicaci\u00f3 il\u00b7licit\u00e0, aix\u00ed com la seua col\u00b7laboraci\u00f3 permanent amb la UMH des de la seua creaci\u00f3.<\/p>\n<p>El premi Accions d&#8217;Innovaci\u00f3 en la Gesti\u00f3, dirigit als servicis i unitats administratives de la UMH, ha recaigut enguany en el Servici d&#8217;Informaci\u00f3 Comptable, Gesti\u00f3 Financera i Pressupostos pel seu \u201cProjecte d&#8217;Efici\u00e8ncia en el pressupost\u201d, presentat per Juan Reche Seg\u00f2via i el director del qual \u00e9s Jos\u00e9 L\u00f3pez Valero.<\/p>\n<p>El premi Millor Esportista Universitari s&#8217;ha concedit a l&#8217;equip de B\u00e0squet Mascul\u00ed de la UMH pel seu destacat paper en la Lliga Universit\u00e0ria. Aix\u00ed mateix, s&#8217;ha atorgat un Premi Honor\u00edfic a l&#8217;entrenador de l&#8217;Elx C.F., Francisco Escrib\u00e1 Segura, per la seua estreta col\u00b7laboraci\u00f3 amb la Facultat de Ci\u00e8ncies Sociosanit\u00e0ries de la Universitat.<\/p>\n<p>Respecte a les C\u00e0tedres UMH, en la categoria C\u00e0tedres d&#8217;Empresa i Mecenatge el premi ha recaigut en la C\u00e0tedra d&#8217;Investigaci\u00f3 en \u201cRetinosis Pigment\u00e0ria\u201d, dirigida pel professor Eduardo Fern\u00e1ndez Jover i finan\u00e7ada des de fa m\u00e9s de deu anys per l&#8217;empresa catalana \u201cBidons Egara S.L.\u201d. Aix\u00ed mateix, en la categoria C\u00e0tedres Institucionals de la UMH, que reconeix la traject\u00f2ria desenrotllada per persones o entitats en cada una de les C\u00e0tedres de la Universitat, els premiats han sigut el cantautor Adolfo Celdr\u00e1n Mallol per la C\u00e0tedra Miguel Hern\u00e1ndez, l&#8217;historiador il\u00b7licit\u00e0 Juan Mart\u00ednez Leal per la C\u00e0tedra Pedro Ibarra, l&#8217;Escolania del Misteri d\u2019Elx per la C\u00e0tedra Misteri d\u2019Elx i l&#8217;equip t\u00e8cnic de l&#8217;empresa TRAGSA Nuria L\u00edmit Olivares, Mar\u00eda Penalva i Jos\u00e9 Juan L\u00f3pez Calatayud, per la C\u00e0tedra El Palmerar d\u2019Elx, en reconeixement a la seua lluita contra el morrut roig. Aix\u00ed mateix, s&#8217;atorgar\u00e0 un Premi Honor\u00edfic a Manuel Campello Esclapez, descobridor del bust de la Dama d&#8217;Elx, en el 50 aniversari de la seua mort.<\/p>\n<p>El premi Rellev\u00e0ncia Social s&#8217;ha atorgat a la periodista il\u00b7licitana M\u00f3nica Carrillo Mart\u00ednez, presentadora dels informatius \u201cNot\u00edcies cap de setmana\u201d d&#8217;Antena 3 TV, escriptora, i col\u00b7laboradora habitual d&#8217;espais com el programa radiof\u00f2nic \u201cUn lloc anomenat m\u00f3n\u201d.<\/p>\n<p>El Consell Social de la UMH ha concedit, finalment, el premi Entitat sense \u00e0nim de lucre a Metges Sense Frontera (MSF), per la seua labor soci-sanit\u00e0ria i de voluntariat durant l&#8217;any passat als pa\u00efsos m\u00e9s afectats per l&#8217;\u00e9bola.<\/p>","protected":false},"excerpt":{"rendered":"<p>El Consell Social de la Universitat Miguel Hern\u00e1ndez (UMH) d&#8217;Elx ha entregat els guardons de la \u201cX edici\u00f3 dels Premis Consell Social\u201d en les modalitats d&#8217;Empreses i Institucions, Investigaci\u00f3, Estudiants, Excel\u00b7l\u00e8ncia Docent, Accions d&#8217;Innovaci\u00f3 en la Gesti\u00f3, Entitat sense \u00e0nim de lucre, Millor Esportista Universitari, Rellev\u00e0ncia Social i C\u00e0tedres UMH.<\/p>\n<p>El premi Estudiants ha correspost als [&#8230;]<\/p>\n","protected":false},"author":326,"featured_media":0,"comment_status":"closed","ping_status":"open","sticky":false,"template":"","format":"standard","meta":{"ngg_post_thumbnail":0,"_links_to":"","_links_to_target":""},"categories":[2477,2898,647,4746,3406],"tags":[],"_links":{"self":[{"href":"https:\/\/protocolo.umh.es\/ca\/wp-json\/wp\/v2\/posts\/1641"}],"collection":[{"href":"https:\/\/protocolo.umh.es\/ca\/wp-json\/wp\/v2\/posts"}],"about":[{"href":"https:\/\/protocolo.umh.es\/ca\/wp-json\/wp\/v2\/types\/post"}],"author":[{"embeddable":true,"href":"https:\/\/protocolo.umh.es\/ca\/wp-json\/wp\/v2\/users\/326"}],"replies":[{"embeddable":true,"href":"https:\/\/protocolo.umh.es\/ca\/wp-json\/wp\/v2\/comments?post=1641"}],"version-history":[{"count":0,"href":"https:\/\/protocolo.umh.es\/ca\/wp-json\/wp\/v2\/posts\/1641\/revisions"}],"wp:attachment":[{"href":"https:\/\/protocolo.umh.es\/ca\/wp-json\/wp\/v2\/media?parent=1641"}],"wp:term":[{"taxonomy":"category","embeddable":true,"href":"https:\/\/protocolo.umh.es\/ca\/wp-json\/wp\/v2\/categories?post=1641"},{"taxonomy":"post_tag","embeddable":true,"href":"https:\/\/protocolo.umh.es\/ca\/wp-json\/wp\/v2\/tags?post=1641"}],"curies":[{"name":"wp","href":"https:\/\/api.w.org\/{rel}","templated":true}]}}