{"id":15671,"date":"2018-10-24T10:36:50","date_gmt":"2018-10-24T08:36:50","guid":{"rendered":"http:\/\/protocolo.umh.es\/?p=15671"},"modified":"2026-02-25T10:58:22","modified_gmt":"2026-02-25T09:58:22","slug":"la-real-academia-de-medicina-y-ciencias-afines-de-la-comunidad-valenciana-entrega-la-medalla-de-oro-a-la-umh","status":"publish","type":"post","link":"https:\/\/protocolo.umh.es\/ca\/2018\/10\/24\/la-real-academia-de-medicina-y-ciencias-afines-de-la-comunidad-valenciana-entrega-la-medalla-de-oro-a-la-umh\/","title":{"rendered":"La Reial Acad\u00e8mia de Medicina i Ci\u00e8ncies Afins de la Comunitat Valenciana entrega la Medalla d&#8217;Or a la UMH"},"content":{"rendered":"<p>La Universitat Miguel Hern\u00e1ndez (UMH) d&#8217;Elx rebr\u00e0 dem\u00e0 dijous, 25 d&#8217;octubre, la Medalla d&#8217;Or de la Reial Acad\u00e8mia de Medicina i Ci\u00e8ncies Afins de la Comunitat Valenciana (RAMCV). El rector de la UMH, Jes\u00fas Pastor Ciurana, ser\u00e0 l&#8217;encarregat de rebre la Medalla i de pronunciar el discurs d&#8217;acceptaci\u00f3 i agra\u00efment durant l&#8217;acte, que tindr\u00e0 lloc a les 19.00 hores en la Sala d&#8217;actes de l&#8217;edifici Severo Ochoa al campus de Sant Joan d&#8217;Alacant de la UMH.<\/p>\n<p><img loading=\"lazy\" class=\"size-full wp-image-15677 alignleft\" src=\"https:\/\/protocolo.umh.es\/files\/2018\/11\/Foto-principal-300x169.jpg\" alt=\"\" width=\"300\" height=\"169\" \/>L&#8217;obertura de la sessi\u00f3 ser\u00e0 a c\u00e0rrec de la presidenta de la RAMCV, Carmen Leal, i el secretari general d&#8217;esta, Juan Vi\u00f1a. A continuaci\u00f3, tindr\u00e0 lloc la lectura de l&#8217;Acta de concessi\u00f3 de la Medalla a la Universitat Miguel Hern\u00e1ndez.<\/p>","protected":false},"excerpt":{"rendered":"<p>La Universitat Miguel Hern\u00e1ndez (UMH) d&#8217;Elx rebr\u00e0 dem\u00e0 dijous, 25 d&#8217;octubre, la Medalla d&#8217;Or de la Reial Acad\u00e8mia de Medicina i Ci\u00e8ncies Afins de la Comunitat Valenciana (RAMCV). El rector de la UMH, Jes\u00fas Pastor Ciurana, ser\u00e0 l&#8217;encarregat de rebre la Medalla i de pronunciar el discurs d&#8217;acceptaci\u00f3 i agra\u00efment durant l&#8217;acte, que tindr\u00e0 lloc [&#8230;]<\/p>\n","protected":false},"author":3575,"featured_media":0,"comment_status":"closed","ping_status":"open","sticky":false,"template":"","format":"standard","meta":{"ngg_post_thumbnail":0,"_links_to":"","_links_to_target":""},"categories":[4617],"tags":[53348],"_links":{"self":[{"href":"https:\/\/protocolo.umh.es\/ca\/wp-json\/wp\/v2\/posts\/15671"}],"collection":[{"href":"https:\/\/protocolo.umh.es\/ca\/wp-json\/wp\/v2\/posts"}],"about":[{"href":"https:\/\/protocolo.umh.es\/ca\/wp-json\/wp\/v2\/types\/post"}],"author":[{"embeddable":true,"href":"https:\/\/protocolo.umh.es\/ca\/wp-json\/wp\/v2\/users\/3575"}],"replies":[{"embeddable":true,"href":"https:\/\/protocolo.umh.es\/ca\/wp-json\/wp\/v2\/comments?post=15671"}],"version-history":[{"count":0,"href":"https:\/\/protocolo.umh.es\/ca\/wp-json\/wp\/v2\/posts\/15671\/revisions"}],"wp:attachment":[{"href":"https:\/\/protocolo.umh.es\/ca\/wp-json\/wp\/v2\/media?parent=15671"}],"wp:term":[{"taxonomy":"category","embeddable":true,"href":"https:\/\/protocolo.umh.es\/ca\/wp-json\/wp\/v2\/categories?post=15671"},{"taxonomy":"post_tag","embeddable":true,"href":"https:\/\/protocolo.umh.es\/ca\/wp-json\/wp\/v2\/tags?post=15671"}],"curies":[{"name":"wp","href":"https:\/\/api.w.org\/{rel}","templated":true}]}}