{"id":1477,"date":"2014-09-11T11:21:31","date_gmt":"2014-09-11T09:21:31","guid":{"rendered":"http:\/\/protocolo.umh.es\/?p=1477"},"modified":"2025-09-29T10:28:37","modified_gmt":"2025-09-29T08:28:37","slug":"solemne-acto-de-apertura-oficial-del-curso-academico-2014-15-umh","status":"publish","type":"post","link":"https:\/\/protocolo.umh.es\/ca\/2014\/09\/11\/solemne-acto-de-apertura-oficial-del-curso-academico-2014-15-umh\/","title":{"rendered":"Solemne Acte d&#8217;Obertura Oficial del Curs Acad\u00e8mic 2014-15 UMH"},"content":{"rendered":"<p>La Universitat Miguel Hern\u00e1ndez (UMH) d&#8217;Elx ha celebrat este mat\u00ed l&#8217;Obertura Oficial del Curs Acad\u00e8mic 2014\/2015. El rector de la UMH, Jes\u00fas Pastor Ciurana, ha presidit este acte en el qual, s&#8217;han entregat les distincions \u201cFi de servicis\u201d a membres de la comunitat universit\u00e0ria i s&#8217;ha investit Doctor Honoris causa a Sr. Antonio Fraguas de Pablo &#8220;Forges&#8221;.<\/p>\n<p>A la cerim\u00f2nia han assistit, entre altres personalitats, el director general d&#8217;Universitat, Estudis Superiors i Ci\u00e8ncia, Felipe Palau Ram\u00edrez, el president del Consell Social de la UMH, Francisco Borja Miralles, aix\u00ed com\u00a0el rector de la Universitat Jaume I de Castell\u00f3, Vicent Climent Jord\u00e1.<\/p>\n<p><a href=\"https:\/\/protocolo.umh.es\/files\/2014\/09\/049.jpg\"><img loading=\"lazy\" class=\"alignnone size-medium wp-image-1512\" src=\"https:\/\/protocolo.umh.es\/files\/2014\/09\/049-300x200.jpg\" alt=\"049\" width=\"300\" height=\"200\" srcset=\"https:\/\/protocolo.umh.es\/files\/2014\/09\/049-300x200.jpg 300w, https:\/\/protocolo.umh.es\/files\/2014\/09\/049-1024x682.jpg 1024w, https:\/\/protocolo.umh.es\/files\/2014\/09\/049.jpg 1536w\" sizes=\"(max-width: 300px) 100vw, 300px\" \/><\/a> <a href=\"https:\/\/protocolo.umh.es\/files\/2014\/09\/2014-10-03-16-33-48.jpg\"><img loading=\"lazy\" class=\"size-medium wp-image-1511 alignright\" src=\"https:\/\/protocolo.umh.es\/files\/2014\/09\/2014-10-03-16-33-48-223x300.jpg\" alt=\"2014-10-03 16 33 48\" width=\"223\" height=\"300\" srcset=\"https:\/\/protocolo.umh.es\/files\/2014\/09\/2014-10-03-16-33-48-223x300.jpg 223w, https:\/\/protocolo.umh.es\/files\/2014\/09\/2014-10-03-16-33-48.jpg 573w\" sizes=\"(max-width: 223px) 100vw, 223px\" \/><\/a>\u00a0 \u00a0 \u00a0 \u00a0 \u00a0 \u00a0 \u00a0 \u00a0 \u00a0 \u00a0 \u00a0 \u00a0 \u00a0 \u00a0 \u00a0 \u00a0 \u00a0 \u00a0 \u00a0 \u00a0 \u00a0 \u00a0 \u00a0 \u00a0 \u00a0 \u00a0 \u00a0 \u00a0 \u00a0 \u00a0 \u00a0 \u00a0<a href=\"https:\/\/protocolo.umh.es\/files\/2014\/09\/221.jpg\"><img loading=\"lazy\" class=\"size-medium wp-image-1515 alignnone\" src=\"https:\/\/protocolo.umh.es\/files\/2014\/09\/221-300x200.jpg\" alt=\"221\" width=\"300\" height=\"200\" srcset=\"https:\/\/protocolo.umh.es\/files\/2014\/09\/221-300x200.jpg 300w, https:\/\/protocolo.umh.es\/files\/2014\/09\/221-1024x682.jpg 1024w, https:\/\/protocolo.umh.es\/files\/2014\/09\/221.jpg 1536w\" sizes=\"(max-width: 300px) 100vw, 300px\" \/><\/a><\/p>\n<p>&nbsp;<\/p>\n<p>&nbsp;<\/p>\n<p>&nbsp;<\/p>\n<p>DOCUMENTS DE L&#8217;ACTE:<\/p>\n<ul>\n<li><a href=\"https:\/\/protocolo.umh.es\/files\/2014\/09\/discurso-rector.docx\">Discurso del Rector<\/a><\/li>\n<li><a href=\"https:\/\/protocolo.umh.es\/files\/2014\/09\/CV-Antonio-Fraguas-de-Pablo-Forges.pdf\">Biograf\u00eda del Doctor Honoris Causa Antonio Fraguas de Pablo &#8211; &#8220;Forges&#8221;<\/a><\/li>\n<\/ul>\n<p>V\u00cdDEOS DE L&#8217;ACTE:<\/p>\n<ul>\n<li><span style=\"color: #0000ee\"><span style=\"text-decoration: underline\"><a href=\"http:\/\/youtu.be\/6jOKX874irY\/\">Resumen del acto<\/a><\/span><\/span><\/li>\n<li><span style=\"color: #0000ee\"><span style=\"text-decoration: underline\"><a href=\"http:\/\/youtu.be\/TOw31cBqkAs\">Laudatio del padrino<\/a><\/span><\/span><\/li>\n<\/ul>\n<p>GALERIA D&#8217;IMATGES:<\/p>\n<ul>\n<li><span style=\"line-height: 13px\"><a href=\"http:\/\/audiovisuales.umh.es\/consulta-audiovisual\/pages\/detalleContenido.xhtml?idContenido=F4AC00B8B1B9EC1F7ED5049367F80E55\">Reportaje del Solemne Acto de Apertura del Curso Acad\u00e9mico 2014\/2015<\/a>\u00a0<\/span><\/li>\n<li><a href=\"http:\/\/audiovisuales.umh.es\/consulta-audiovisual\/pages\/detalleContenido.xhtml?idContenido=29AB54B77CFA11B567664A50FA9D0D67\" target=\"_blank\" rel=\"noopener noreferrer\">Reportaje de la investidura \u00a0como Doctor Honoris Causa a D. Antonio Fraguas de Pablo<\/a><\/li>\n<\/ul>\n<p>INVITACI\u00d3 I CERIMONIALS:<\/p>\n<p><a href=\"https:\/\/protocolo.umh.es\/files\/2014\/09\/DEFINITIVA.jpg\"><img loading=\"lazy\" class=\"size-medium wp-image-1478 aligncenter\" src=\"https:\/\/protocolo.umh.es\/files\/2014\/09\/DEFINITIVA-300x161.jpg\" alt=\"DEFINITIVA\" width=\"300\" height=\"161\" srcset=\"https:\/\/protocolo.umh.es\/files\/2014\/09\/DEFINITIVA-300x161.jpg 300w, https:\/\/protocolo.umh.es\/files\/2014\/09\/DEFINITIVA-1024x550.jpg 1024w, https:\/\/protocolo.umh.es\/files\/2014\/09\/DEFINITIVA.jpg 2043w\" sizes=\"(max-width: 300px) 100vw, 300px\" \/><\/a><\/p>\n<p style=\"text-align: center\"><a href=\"https:\/\/protocolo.umh.es\/files\/2014\/09\/Programa-.docx\">Programa del acto<\/a><\/p>\n<p style=\"text-align: center\"><a href=\"https:\/\/protocolo.umh.es\/files\/2014\/09\/Ceremonial-Apertura-Curso.doc\">Ceremonial Apertura Curso<\/a><\/p>\n<p style=\"text-align: center\"><a href=\"https:\/\/protocolo.umh.es\/files\/2014\/09\/CERIMONIAL-3-10-14.docx\">Cerimonial Apertura (valenciano)<\/a><\/p>\n<p><\/p>","protected":false},"excerpt":{"rendered":"<p>La Universitat Miguel Hern\u00e1ndez (UMH) d&#8217;Elx ha celebrat este mat\u00ed l&#8217;Obertura Oficial del Curs Acad\u00e8mic 2014\/2015. El rector de la UMH, Jes\u00fas Pastor Ciurana, ha presidit este acte en el qual, s&#8217;han entregat les distincions \u201cFi de servicis\u201d a membres de la comunitat universit\u00e0ria i s&#8217;ha investit Doctor Honoris causa a Sr. Antonio Fraguas de [&#8230;]<\/p>\n","protected":false},"author":3029,"featured_media":0,"comment_status":"closed","ping_status":"open","sticky":false,"template":"","format":"standard","meta":{"ngg_post_thumbnail":0,"_links_to":"","_links_to_target":""},"categories":[2477,649,650,651],"tags":[],"_links":{"self":[{"href":"https:\/\/protocolo.umh.es\/ca\/wp-json\/wp\/v2\/posts\/1477"}],"collection":[{"href":"https:\/\/protocolo.umh.es\/ca\/wp-json\/wp\/v2\/posts"}],"about":[{"href":"https:\/\/protocolo.umh.es\/ca\/wp-json\/wp\/v2\/types\/post"}],"author":[{"embeddable":true,"href":"https:\/\/protocolo.umh.es\/ca\/wp-json\/wp\/v2\/users\/3029"}],"replies":[{"embeddable":true,"href":"https:\/\/protocolo.umh.es\/ca\/wp-json\/wp\/v2\/comments?post=1477"}],"version-history":[{"count":0,"href":"https:\/\/protocolo.umh.es\/ca\/wp-json\/wp\/v2\/posts\/1477\/revisions"}],"wp:attachment":[{"href":"https:\/\/protocolo.umh.es\/ca\/wp-json\/wp\/v2\/media?parent=1477"}],"wp:term":[{"taxonomy":"category","embeddable":true,"href":"https:\/\/protocolo.umh.es\/ca\/wp-json\/wp\/v2\/categories?post=1477"},{"taxonomy":"post_tag","embeddable":true,"href":"https:\/\/protocolo.umh.es\/ca\/wp-json\/wp\/v2\/tags?post=1477"}],"curies":[{"name":"wp","href":"https:\/\/api.w.org\/{rel}","templated":true}]}}