{"id":11378,"date":"2018-07-31T13:30:39","date_gmt":"2018-07-31T11:30:39","guid":{"rendered":"http:\/\/protocolo.umh.es\/?p=11378"},"modified":"2026-03-04T10:26:16","modified_gmt":"2026-03-04T09:26:16","slug":"tapas-solidarias-a-favor-de-la-asociacion-de-familiares-de-enfermos-de-alzheimer-en-el-raco-de-las-fiestas-de-elche","status":"publish","type":"post","link":"https:\/\/protocolo.umh.es\/ca\/2018\/07\/31\/tapas-solidarias-a-favor-de-la-asociacion-de-familiares-de-enfermos-de-alzheimer-en-el-raco-de-las-fiestas-de-elche\/","title":{"rendered":"Tapes solid\u00e0ries a favor de l&#8217;Associaci\u00f3 de familiars de malalts d&#8217;Alzheimer en el rac\u00f3 de les festes d&#8217;Elx"},"content":{"rendered":"<p>La Universitat Miguel Hern\u00e1ndez (UMH) d&#8217;Elx obrir\u00e0 un rac\u00f3 durant les festes d&#8217;Elx per a gaudir de les masclet\u00e0s de migdia. Igual que l&#8217;any passat, el rac\u00f3 estar\u00e0 situat de l&#8217;11 al 15 d&#8217;agost en un local comercial, situat enfront de l&#8217;Oficina de Turisme en l&#8217;entrada del Parc Municipal. Aix\u00ed mateix, s&#8217;oferir\u00e0 una tapa solid\u00e0ria la recaptaci\u00f3 de la qual anir\u00e0 destinada \u00edntegrament a l&#8217;Associaci\u00f3 de familiars de malalts d&#8217;Alzheimer (AFAE). Aix\u00ed mateix, R\u00e0dio UMH retransmetr\u00e0 en directe de 12.30 a 14.00 hores una programaci\u00f3 especial des del rac\u00f3 de la Universitat.<\/p>\n<p><a href=\"https:\/\/comunicacion.umh.es\/files\/2017\/07\/31-07-17-raco-umh.png\"><img loading=\"lazy\" class=\"alignleft size-medium wp-image-96797\" src=\"https:\/\/comunicacion.umh.es\/files\/2017\/07\/31-07-17-raco-umh-300x170.png\" alt=\"\" width=\"300\" height=\"170\" \/><\/a>El rector de la UMH, Jes\u00fas Pastor Ciurana, inaugurar\u00e0 el rac\u00f3 de la Universitat l&#8217;11 d&#8217;agost a les 13.00 hores i estar\u00e0 obert durant les festes en horari de 12.00 a 15.00 hores. Els restaurants que oferiran tapes solid\u00e0ries en el *rac\u00f3 de la UMH seran Alhabia, Museum, el D\u00e0til d&#8217;Or i el Graner.<\/p>","protected":false},"excerpt":{"rendered":"<p>La Universitat Miguel Hern\u00e1ndez (UMH) d&#8217;Elx obrir\u00e0 un rac\u00f3 durant les festes d&#8217;Elx per a gaudir de les masclet\u00e0s de migdia. Igual que l&#8217;any passat, el rac\u00f3 estar\u00e0 situat de l&#8217;11 al 15 d&#8217;agost en un local comercial, situat enfront de l&#8217;Oficina de Turisme en l&#8217;entrada del Parc Municipal. Aix\u00ed mateix, s&#8217;oferir\u00e0 una tapa solid\u00e0ria [&#8230;]<\/p>\n","protected":false},"author":3575,"featured_media":0,"comment_status":"closed","ping_status":"open","sticky":false,"template":"","format":"standard","meta":{"ngg_post_thumbnail":0,"_links_to":"","_links_to_target":""},"categories":[3102],"tags":[53173],"_links":{"self":[{"href":"https:\/\/protocolo.umh.es\/ca\/wp-json\/wp\/v2\/posts\/11378"}],"collection":[{"href":"https:\/\/protocolo.umh.es\/ca\/wp-json\/wp\/v2\/posts"}],"about":[{"href":"https:\/\/protocolo.umh.es\/ca\/wp-json\/wp\/v2\/types\/post"}],"author":[{"embeddable":true,"href":"https:\/\/protocolo.umh.es\/ca\/wp-json\/wp\/v2\/users\/3575"}],"replies":[{"embeddable":true,"href":"https:\/\/protocolo.umh.es\/ca\/wp-json\/wp\/v2\/comments?post=11378"}],"version-history":[{"count":0,"href":"https:\/\/protocolo.umh.es\/ca\/wp-json\/wp\/v2\/posts\/11378\/revisions"}],"wp:attachment":[{"href":"https:\/\/protocolo.umh.es\/ca\/wp-json\/wp\/v2\/media?parent=11378"}],"wp:term":[{"taxonomy":"category","embeddable":true,"href":"https:\/\/protocolo.umh.es\/ca\/wp-json\/wp\/v2\/categories?post=11378"},{"taxonomy":"post_tag","embeddable":true,"href":"https:\/\/protocolo.umh.es\/ca\/wp-json\/wp\/v2\/tags?post=11378"}],"curies":[{"name":"wp","href":"https:\/\/api.w.org\/{rel}","templated":true}]}}